{"id":85603,"date":"2018-07-16T19:11:49","date_gmt":"2018-07-16T16:11:49","guid":{"rendered":"http:\/\/www.sana.sy\/es\/?p=85603"},"modified":"2018-07-16T19:11:49","modified_gmt":"2018-07-16T16:11:49","slug":"inicia-encuentro-anual-del-foro-de-sao-paulo-en-la-habana-cuba-con-la-participacion-de-siria","status":"publish","type":"post","link":"https:\/\/archive.sana.sy\/es\/?p=85603","title":{"rendered":"Inicia encuentro anual del Foro de Sao Paulo en La Habana, Cuba con la participaci\u00f3n de Siria"},"content":{"rendered":"<p>La Habana-SANA<\/p>\n<p>Se ha inaugurado en la capital cubana La Habana el encuentro anual del Foro de Sao Paulo con la participaci\u00f3n de movimientos y partidos de izquierda y progresistas de Am\u00e9rica Latina y el Caribe y una delegaci\u00f3n del Partido Baath \u00c1rabe Socialista de Siria.<\/p>\n<p>M\u00f3nica Valente, Secretaria Ejecutiva del Foro de Sao Paulo, en su intervenci\u00f3n destac\u00f3 la necesidad de la solidaridad y coordinaci\u00f3n entre los partidos y movimientos de izquierda y progresistas del mundo para afrontar los desaf\u00edos y amenazas del imperialismo internacional.<\/p>\n<p>El jefe de la delegaci\u00f3n siria Muhsen Bilal a su vez, dijo que Siria ha logrado hacer frente a una guerra desatada contra el pa\u00eds desde hace siete a\u00f1os, por los EE. UU. y financiada por r\u00e9gimen del Golfo, gracias a la firmeza del pueblo sirio y los sacrificios del ej\u00e9rcito sirio, adem\u00e1s por la sabidur\u00eda de la dirigencia del pa\u00eds.<\/p>\n<p>Jos\u00e9 Ram\u00f3n Balaguer Cabrera, miembro del secretariado del Comit\u00e9 Central del Partido y jefe de su departamento de Relaciones Internacionales, por su parte subray\u00f3 la importancia de la celebraci\u00f3n del Foro en \u00a8estos tiempo\u00b4, debido a las amenazas que dirige los EE. UU. contra los gobiernos progresistas.<\/p>\n<p>En el marco del Foro, Jos\u00e9 Ram\u00f3n Balaguer Cabrera se reuni\u00f3 con la delegaci\u00f3n siria y aprovech\u00f3 la oportunidad para reiterar la postura de Cuba de apoyo a Siria en su guerra contra el terrorismo.<\/p>\n<p>Asimismo la delegaci\u00f3n del partido Baath \u00c1rabe Socialista de Siria, sostuvo un encuentro con la delegaci\u00f3n del partido comunista de Vietnam. Ambos lados examinaron las v\u00edas de fortalecer las relaciones entre Siria y Vietnam.<\/p>\n<p>Y.K.<\/p>\n","protected":false},"excerpt":{"rendered":"<p>La Habana-SANA Se ha inaugurado en la capital cubana La Habana el encuentro anual del Foro de Sao Paulo con la participaci\u00f3n de movimientos y partidos de izquierda y progresistas de Am\u00e9rica Latina y el Caribe y una delegaci\u00f3n del Partido Baath \u00c1rabe Socialista de Siria. M\u00f3nica Valente, Secretaria Ejecutiva del Foro de Sao Paulo, &hellip;<\/p>\n","protected":false},"author":1,"featured_media":85605,"comment_status":"closed","ping_status":"closed","sticky":false,"template":"","format":"standard","meta":{"footnotes":""},"categories":[456,583],"tags":[],"class_list":["post-85603","post","type-post","status-publish","format-standard","has-post-thumbnail","","category-arabe-internacional-politica","category-slide"],"_links":{"self":[{"href":"https:\/\/archive.sana.sy\/es\/index.php?rest_route=\/wp\/v2\/posts\/85603"}],"collection":[{"href":"https:\/\/archive.sana.sy\/es\/index.php?rest_route=\/wp\/v2\/posts"}],"about":[{"href":"https:\/\/archive.sana.sy\/es\/index.php?rest_route=\/wp\/v2\/types\/post"}],"author":[{"embeddable":true,"href":"https:\/\/archive.sana.sy\/es\/index.php?rest_route=\/wp\/v2\/users\/1"}],"replies":[{"embeddable":true,"href":"https:\/\/archive.sana.sy\/es\/index.php?rest_route=%2Fwp%2Fv2%2Fcomments&post=85603"}],"version-history":[{"count":0,"href":"https:\/\/archive.sana.sy\/es\/index.php?rest_route=\/wp\/v2\/posts\/85603\/revisions"}],"wp:featuredmedia":[{"embeddable":true,"href":"https:\/\/archive.sana.sy\/es\/index.php?rest_route=\/wp\/v2\/media\/85605"}],"wp:attachment":[{"href":"https:\/\/archive.sana.sy\/es\/index.php?rest_route=%2Fwp%2Fv2%2Fmedia&parent=85603"}],"wp:term":[{"taxonomy":"category","embeddable":true,"href":"https:\/\/archive.sana.sy\/es\/index.php?rest_route=%2Fwp%2Fv2%2Fcategories&post=85603"},{"taxonomy":"post_tag","embeddable":true,"href":"https:\/\/archive.sana.sy\/es\/index.php?rest_route=%2Fwp%2Fv2%2Ftags&post=85603"}],"curies":[{"name":"wp","href":"https:\/\/api.w.org\/{rel}","templated":true}]}}