{"id":85610,"date":"2018-07-16T20:12:28","date_gmt":"2018-07-16T17:12:28","guid":{"rendered":"http:\/\/www.sana.sy\/es\/?p=85610"},"modified":"2018-07-16T20:12:28","modified_gmt":"2018-07-16T17:12:28","slug":"lavrentiev-los-objetivos-de-rusia-y-de-eeuu-coinciden-respecto-a-la-solucion-politica-de-la-crisis-siria","status":"publish","type":"post","link":"https:\/\/archive.sana.sy\/es\/?p=85610","title":{"rendered":"Lavrentiev: los objetivos de Rusia y de EEUU coinciden respecto a la soluci\u00f3n pol\u00edtica de la crisis siria"},"content":{"rendered":"<p>&nbsp;<\/p>\n<p><span style=\"color: #800000;\">Mosc\u00fa-SANA<\/span><\/p>\n<p>El representante especial del presidente ruso a Siria, Alexander Lavrentiev, afirm\u00f3 al margen de la cumbre de los dos presidentes, Donald Trump, y Vladimir Putin en Helsinki, que los objetivo de Rusia coinciden con los objetivos de EEUU respecto a la soluci\u00f3n pol\u00edtica de la crisis siria.<\/p>\n<p>Lo m\u00e1s importante para Rusia es la estabilidad en Siria y el cese de hostilidades, y m\u00e1s a\u00fan el proceso pol\u00edtico, dijo Lavrentiev, y a\u00f1adi\u00f3 que desde un principio, los objetivos de Rusia y de EEUU coinciden.<\/p>\n<p>Por otra parte, Lavrentiev afirm\u00f3 que las fuerzas iran\u00edes no est\u00e1n en la zona de distensi\u00f3n sure\u00f1a en Siria, se\u00f1alando la presencia de asesores por petici\u00f3n del gobierno sirio.<\/p>\n<p>Y a\u00f1adi\u00f3 que el proceso de reconciliaci\u00f3n con los grupos armados al sur de Siria contin\u00faa, y fue alcanzada una reconciliaci\u00f3n con todos los grupos moderados, en paralelo con la lucha contra los terroristas de Daesh y el Frente de al Nusra.<\/p>\n<p>Respecto a la participaci\u00f3n de la oposici\u00f3n siria en el encuentro previsto a celebrarse en la ciudad de Sochi sobre la crisis siria, Lavrentiev dijo: todav\u00eda no se sabe pero esperamos la presencia de representantes de la oposici\u00f3n en los eventos que se celebran a finales de este mes.<\/p>\n<p><span style=\"color: #0000ff;\">Akram. S<\/span><\/p>\n","protected":false},"excerpt":{"rendered":"<p>&nbsp; Mosc\u00fa-SANA El representante especial del presidente ruso a Siria, Alexander Lavrentiev, afirm\u00f3 al margen de la cumbre de los dos presidentes, Donald Trump, y Vladimir Putin en Helsinki, que los objetivo de Rusia coinciden con los objetivos de EEUU respecto a la soluci\u00f3n pol\u00edtica de la crisis siria. Lo m\u00e1s importante para Rusia es &hellip;<\/p>\n","protected":false},"author":1,"featured_media":85611,"comment_status":"closed","ping_status":"closed","sticky":false,"template":"","format":"standard","meta":{"footnotes":""},"categories":[597,467,7541],"tags":[],"class_list":["post-85610","post","type-post","status-publish","format-standard","has-post-thumbnail","","category-cinta-de-noticias","category-siria-y-el-mundo","category-ultimas-noticias"],"_links":{"self":[{"href":"https:\/\/archive.sana.sy\/es\/index.php?rest_route=\/wp\/v2\/posts\/85610"}],"collection":[{"href":"https:\/\/archive.sana.sy\/es\/index.php?rest_route=\/wp\/v2\/posts"}],"about":[{"href":"https:\/\/archive.sana.sy\/es\/index.php?rest_route=\/wp\/v2\/types\/post"}],"author":[{"embeddable":true,"href":"https:\/\/archive.sana.sy\/es\/index.php?rest_route=\/wp\/v2\/users\/1"}],"replies":[{"embeddable":true,"href":"https:\/\/archive.sana.sy\/es\/index.php?rest_route=%2Fwp%2Fv2%2Fcomments&post=85610"}],"version-history":[{"count":0,"href":"https:\/\/archive.sana.sy\/es\/index.php?rest_route=\/wp\/v2\/posts\/85610\/revisions"}],"wp:featuredmedia":[{"embeddable":true,"href":"https:\/\/archive.sana.sy\/es\/index.php?rest_route=\/wp\/v2\/media\/85611"}],"wp:attachment":[{"href":"https:\/\/archive.sana.sy\/es\/index.php?rest_route=%2Fwp%2Fv2%2Fmedia&parent=85610"}],"wp:term":[{"taxonomy":"category","embeddable":true,"href":"https:\/\/archive.sana.sy\/es\/index.php?rest_route=%2Fwp%2Fv2%2Fcategories&post=85610"},{"taxonomy":"post_tag","embeddable":true,"href":"https:\/\/archive.sana.sy\/es\/index.php?rest_route=%2Fwp%2Fv2%2Ftags&post=85610"}],"curies":[{"name":"wp","href":"https:\/\/api.w.org\/{rel}","templated":true}]}}