{"id":85613,"date":"2018-07-16T20:43:15","date_gmt":"2018-07-16T17:43:15","guid":{"rendered":"http:\/\/www.sana.sy\/es\/?p=85613"},"modified":"2018-07-16T20:43:15","modified_gmt":"2018-07-16T17:43:15","slug":"un-periodista-del-canal-sirio-sama-cae-martir-cuando-cubria-las-operaciones-del-ejercito-en-el-campo-de-quneitra","status":"publish","type":"post","link":"https:\/\/archive.sana.sy\/es\/?p=85613","title":{"rendered":"Un periodista del canal sirio &#8220;SAMA&#8221; cae m\u00e1rtir cuando cubr\u00eda las operaciones del Ej\u00e9rcito en el campo de Quneitra"},"content":{"rendered":"<p>&nbsp;<\/p>\n<p><span style=\"color: #800000;\">Quneitra-SANA<\/span><\/p>\n<p>El corresponsal del canal sirio \u201cSAMA\u201d, Mustafa al Salama, cay\u00f3 m\u00e1rtir cuando cubr\u00eda las operaciones del Ej\u00e9rcito sirio contra los grupos terroristas en el campo de Quneitra.<\/p>\n<p>Los grupos terroristas atacaron a un equipo del canal televisivo SAMA en la colina de Masshara en la comarca este de Quneitra, lo que caus\u00f3 la muerte del corresponsal Mustafa al Salama.<\/p>\n<p>El ministro de Informaci\u00f3n Emad Sara dijo que este ataque es un nuevo testimonio de que quieren asesinar la palabra y la imagen que revela su criminalidad.<\/p>\n<p>Muchos periodistas y fotoperiodistas fueron blanco de ataques terroristas, a lo largo de los a\u00f1os de la guerra desatada contra Siria, para impedirles de transmitir la realidad de su criminalidad y su derrota ante los avances del Ej\u00e9rcito sirio.<\/p>\n<p>&nbsp;<\/p>\n<p><span style=\"color: #0000ff;\">Akram. S<\/span><\/p>\n","protected":false},"excerpt":{"rendered":"<p>&nbsp; Quneitra-SANA El corresponsal del canal sirio \u201cSAMA\u201d, Mustafa al Salama, cay\u00f3 m\u00e1rtir cuando cubr\u00eda las operaciones del Ej\u00e9rcito sirio contra los grupos terroristas en el campo de Quneitra. Los grupos terroristas atacaron a un equipo del canal televisivo SAMA en la colina de Masshara en la comarca este de Quneitra, lo que caus\u00f3 la &hellip;<\/p>\n","protected":false},"author":1,"featured_media":85614,"comment_status":"closed","ping_status":"closed","sticky":false,"template":"","format":"standard","meta":{"footnotes":""},"categories":[597,573,476,7541],"tags":[],"class_list":["post-85613","post","type-post","status-publish","format-standard","has-post-thumbnail","","category-cinta-de-noticias","category-la-realidad-de-los-acontecimientos-en-siria","category-locales","category-ultimas-noticias"],"_links":{"self":[{"href":"https:\/\/archive.sana.sy\/es\/index.php?rest_route=\/wp\/v2\/posts\/85613"}],"collection":[{"href":"https:\/\/archive.sana.sy\/es\/index.php?rest_route=\/wp\/v2\/posts"}],"about":[{"href":"https:\/\/archive.sana.sy\/es\/index.php?rest_route=\/wp\/v2\/types\/post"}],"author":[{"embeddable":true,"href":"https:\/\/archive.sana.sy\/es\/index.php?rest_route=\/wp\/v2\/users\/1"}],"replies":[{"embeddable":true,"href":"https:\/\/archive.sana.sy\/es\/index.php?rest_route=%2Fwp%2Fv2%2Fcomments&post=85613"}],"version-history":[{"count":0,"href":"https:\/\/archive.sana.sy\/es\/index.php?rest_route=\/wp\/v2\/posts\/85613\/revisions"}],"wp:featuredmedia":[{"embeddable":true,"href":"https:\/\/archive.sana.sy\/es\/index.php?rest_route=\/wp\/v2\/media\/85614"}],"wp:attachment":[{"href":"https:\/\/archive.sana.sy\/es\/index.php?rest_route=%2Fwp%2Fv2%2Fmedia&parent=85613"}],"wp:term":[{"taxonomy":"category","embeddable":true,"href":"https:\/\/archive.sana.sy\/es\/index.php?rest_route=%2Fwp%2Fv2%2Fcategories&post=85613"},{"taxonomy":"post_tag","embeddable":true,"href":"https:\/\/archive.sana.sy\/es\/index.php?rest_route=%2Fwp%2Fv2%2Ftags&post=85613"}],"curies":[{"name":"wp","href":"https:\/\/api.w.org\/{rel}","templated":true}]}}