{"id":85624,"date":"2018-07-17T07:59:51","date_gmt":"2018-07-17T04:59:51","guid":{"rendered":"http:\/\/www.sana.sy\/es\/?p=85624"},"modified":"2023-01-10T15:10:33","modified_gmt":"2023-01-10T13:10:33","slug":"damasco-y-bagdad-coordinan-la-reapertura-de-los-pasos-fronterizos","status":"publish","type":"post","link":"https:\/\/archive.sana.sy\/es\/?p=85624","title":{"rendered":"Damasco y Bagdad coordinan la reapertura de los pasos fronterizos"},"content":{"rendered":"<p><span style=\"color: #800000;\">Damasco, SANA<\/span><\/p>\n<p>El primer ministro, Imad Khamis, repas\u00f3 con el embajador extraordinario y plenipotenciario de Irak en Siria, Saad Mohammad Reza, las perspectivas de impulsar el intercambio comercial y de inversiones, y la activaci\u00f3n de la labor de la Comisi\u00f3n Mixta Sirio-iraqu\u00ed.<\/p>\n<p>Las conversaciones abordaron adem\u00e1s, la celebraci\u00f3n del foro de hombres de negocios sirios, la cooperaci\u00f3n en la fase de la reconstrucci\u00f3n y continuar la coordinaci\u00f3n para la reapertura de los pasos fronterizos entre los dos pa\u00edses.<\/p>\n<p>El presidente del gobierno sirio destac\u00f3 la importancia de materializar m\u00e1s oportunidades para la cooperaci\u00f3n en el campo econ\u00f3mico, y elogi\u00f3 los grandes sacrificios de los dos pueblos de Siria e Irak en la lucha contra el terrorismo y por preservar la soberan\u00eda y la independencia de los dos pa\u00edses.<\/p>\n<p>Khamis explic\u00f3 que una amplia participaci\u00f3n de Irak en la pr\u00f3xima edici\u00f3n de la Feria Internacional de Damasco ser\u00eda una oportunidad para que los empresarios iraqu\u00edes para ampliar el comercio bilateral y el intercambio de productos.<\/p>\n<p>Por su parte, el embajador iraqu\u00ed dijo que es el momento apropiado para impulsar las relaciones econ\u00f3micas entre los dos pa\u00edses en los diversos campos, y activar el papel del sector privado industrial, comercial y de inversiones en la fase de reconstrucci\u00f3n.<\/p>\n<p><span style=\"color: #0000ff;\">F. Marouf\/ Dr. A. Shaban<\/span><\/p>\n","protected":false},"excerpt":{"rendered":"<p>Damasco, SANA El primer ministro, Imad Khamis, repas\u00f3 con el embajador extraordinario y plenipotenciario de Irak en Siria, Saad Mohammad Reza, las perspectivas de impulsar el intercambio comercial y de inversiones, y la activaci\u00f3n de la labor de la Comisi\u00f3n Mixta Sirio-iraqu\u00ed. Las conversaciones abordaron adem\u00e1s, la celebraci\u00f3n del foro de hombres de negocios sirios, &hellip;<\/p>\n","protected":false},"author":1,"featured_media":85625,"comment_status":"closed","ping_status":"closed","sticky":false,"template":"","format":"standard","meta":{"footnotes":""},"categories":[597,485,456,7541],"tags":[12240],"class_list":["post-85624","post","type-post","status-publish","format-standard","has-post-thumbnail","","category-cinta-de-noticias","category-informes-negocios-y-finanzas","category-arabe-internacional-politica","category-ultimas-noticias","tag-damasco-y-bagdad-coordinan-la-reapertura-de-los-pasos-fronterizos"],"_links":{"self":[{"href":"https:\/\/archive.sana.sy\/es\/index.php?rest_route=\/wp\/v2\/posts\/85624"}],"collection":[{"href":"https:\/\/archive.sana.sy\/es\/index.php?rest_route=\/wp\/v2\/posts"}],"about":[{"href":"https:\/\/archive.sana.sy\/es\/index.php?rest_route=\/wp\/v2\/types\/post"}],"author":[{"embeddable":true,"href":"https:\/\/archive.sana.sy\/es\/index.php?rest_route=\/wp\/v2\/users\/1"}],"replies":[{"embeddable":true,"href":"https:\/\/archive.sana.sy\/es\/index.php?rest_route=%2Fwp%2Fv2%2Fcomments&post=85624"}],"version-history":[{"count":0,"href":"https:\/\/archive.sana.sy\/es\/index.php?rest_route=\/wp\/v2\/posts\/85624\/revisions"}],"wp:featuredmedia":[{"embeddable":true,"href":"https:\/\/archive.sana.sy\/es\/index.php?rest_route=\/wp\/v2\/media\/85625"}],"wp:attachment":[{"href":"https:\/\/archive.sana.sy\/es\/index.php?rest_route=%2Fwp%2Fv2%2Fmedia&parent=85624"}],"wp:term":[{"taxonomy":"category","embeddable":true,"href":"https:\/\/archive.sana.sy\/es\/index.php?rest_route=%2Fwp%2Fv2%2Fcategories&post=85624"},{"taxonomy":"post_tag","embeddable":true,"href":"https:\/\/archive.sana.sy\/es\/index.php?rest_route=%2Fwp%2Fv2%2Ftags&post=85624"}],"curies":[{"name":"wp","href":"https:\/\/api.w.org\/{rel}","templated":true}]}}