{"id":85627,"date":"2018-07-17T07:03:31","date_gmt":"2018-07-17T04:03:31","guid":{"rendered":"http:\/\/www.sana.sy\/es\/?p=85627"},"modified":"2018-07-17T10:05:38","modified_gmt":"2018-07-17T07:05:38","slug":"tribus-de-la-region-central-confirman-determinacion-de-luchar-contra-la-ocupacion-extranjera","status":"publish","type":"post","link":"https:\/\/archive.sana.sy\/es\/?p=85627","title":{"rendered":"Tribus de la Regi\u00f3n Central confirman determinaci\u00f3n de luchar contra la ocupaci\u00f3n extranjera"},"content":{"rendered":"<p><span style=\"color: #800000;\">Hama, SANA<\/span><\/p>\n<p>Los jeques y dignatarios de las tribus y clanes en el centro de Siria reiteraron su apoyo al Ej\u00e9rcito \u00c1rabe Sirio en su guerra contra los grupos terroristas.<\/p>\n<p>En un encuentro organizado en el poblado de Um Yaren, en el campo este de la provincia siria de Hama, los representantes tribales manifestaron su respaldo a todas las medidas tomadas por el Ej\u00e9rcito \u00c1rabe Sirio para derrotar a los terroristas de todo el territorio nacional.<\/p>\n<p>Reiteraron que las tribus trabajar\u00e1n hombro con hombro con las unidades del ej\u00e9rcito para expulsar a los terroristas de las fuerzas de ocupaci\u00f3n estadounidenses y turcas, cualesquiera que sean los sacrificios.<\/p>\n<p>El jefe de la tribu Al-Naim, Hassan Al-Naimi, de la tribu Al-Naim, dijo que en el encuentro est\u00e1n presentes representantes de todas las tribus y los clanes de la Regi\u00f3n Central de Siria.<\/p>\n<p>Reiter\u00f3 el apoyo al ej\u00e9rcito en la defensa de Siria y denunci\u00f3 las agresiones externas.<\/p>\n<p><span style=\"color: #0000ff;\">F. Marouf\/ Dr. A. Shaban<\/span><\/p>\n","protected":false},"excerpt":{"rendered":"<p>Hama, SANA Los jeques y dignatarios de las tribus y clanes en el centro de Siria reiteraron su apoyo al Ej\u00e9rcito \u00c1rabe Sirio en su guerra contra los grupos terroristas. En un encuentro organizado en el poblado de Um Yaren, en el campo este de la provincia siria de Hama, los representantes tribales manifestaron su &hellip;<\/p>\n","protected":false},"author":1,"featured_media":85628,"comment_status":"closed","ping_status":"closed","sticky":false,"template":"","format":"standard","meta":{"footnotes":""},"categories":[597,573,476,7541],"tags":[12241],"class_list":["post-85627","post","type-post","status-publish","format-standard","has-post-thumbnail","","category-cinta-de-noticias","category-la-realidad-de-los-acontecimientos-en-siria","category-locales","category-ultimas-noticias","tag-tribus-de-la-region-central-confirman-determinacion-de-luchar-contra-la-ocupacion-extranjera"],"_links":{"self":[{"href":"https:\/\/archive.sana.sy\/es\/index.php?rest_route=\/wp\/v2\/posts\/85627"}],"collection":[{"href":"https:\/\/archive.sana.sy\/es\/index.php?rest_route=\/wp\/v2\/posts"}],"about":[{"href":"https:\/\/archive.sana.sy\/es\/index.php?rest_route=\/wp\/v2\/types\/post"}],"author":[{"embeddable":true,"href":"https:\/\/archive.sana.sy\/es\/index.php?rest_route=\/wp\/v2\/users\/1"}],"replies":[{"embeddable":true,"href":"https:\/\/archive.sana.sy\/es\/index.php?rest_route=%2Fwp%2Fv2%2Fcomments&post=85627"}],"version-history":[{"count":0,"href":"https:\/\/archive.sana.sy\/es\/index.php?rest_route=\/wp\/v2\/posts\/85627\/revisions"}],"wp:featuredmedia":[{"embeddable":true,"href":"https:\/\/archive.sana.sy\/es\/index.php?rest_route=\/wp\/v2\/media\/85628"}],"wp:attachment":[{"href":"https:\/\/archive.sana.sy\/es\/index.php?rest_route=%2Fwp%2Fv2%2Fmedia&parent=85627"}],"wp:term":[{"taxonomy":"category","embeddable":true,"href":"https:\/\/archive.sana.sy\/es\/index.php?rest_route=%2Fwp%2Fv2%2Fcategories&post=85627"},{"taxonomy":"post_tag","embeddable":true,"href":"https:\/\/archive.sana.sy\/es\/index.php?rest_route=%2Fwp%2Fv2%2Ftags&post=85627"}],"curies":[{"name":"wp","href":"https:\/\/api.w.org\/{rel}","templated":true}]}}