{"id":85630,"date":"2018-07-17T06:31:08","date_gmt":"2018-07-17T03:31:08","guid":{"rendered":"http:\/\/www.sana.sy\/es\/?p=85630"},"modified":"2023-01-10T15:16:29","modified_gmt":"2023-01-10T13:16:29","slug":"central-electrica-de-deir-ezzor-vuelve-a-generar-electricidad","status":"publish","type":"post","link":"https:\/\/archive.sana.sy\/es\/?p=85630","title":{"rendered":"Central El\u00e9ctrica de Deir Ezzor vuelve a generar electricidad"},"content":{"rendered":"<p><span style=\"color: #800000\">Damasco, SANA<\/span><\/p>\n<p>Los t\u00e9cnicos del Ministerio de Petr\u00f3leo y Recursos Minerales lograron asegurar la entrega de 300 mil metros c\u00fabicos de gas por d\u00eda a la central el\u00e9ctrica Al-Taim, en la provincia de Deir Ezzor.<\/p>\n<p>Un comunicado del Ministerio explic\u00f3 que los t\u00e9cnicos hicieron llegar el gas al mencionado central a trav\u00e9s de un gasoducto alternativo de 350 kil\u00f3metros de largo y 16 pulgadas de di\u00e1metro, despu\u00e9s de concluir todas la sobras de reparaci\u00f3n de dicho gasoducto que sufri\u00f3 m\u00e1s de 70 ataques terroristas.<\/p>\n<p>El comunicado agreg\u00f3 que debido a la imposibilidad de asegurar el gas de la planta de gas de Yibsseh que a\u00fan est\u00e1 fuera de control del gobierno, se tom\u00f3 la decisi\u00f3n de alimentar las turbinas de la central de la red nacional de gas y de forma inversa desde la planta de gas de Rayan en Homs hacia Deir Ezzor.<\/p>\n<p><span style=\"color: #0000ff\">F. Marouf\/ Dr. A. Shaban<\/span><\/p>\n","protected":false},"excerpt":{"rendered":"<p>Damasco, SANA Los t\u00e9cnicos del Ministerio de Petr\u00f3leo y Recursos Minerales lograron asegurar la entrega de 300 mil metros c\u00fabicos de gas por d\u00eda a la central el\u00e9ctrica Al-Taim, en la provincia de Deir Ezzor. Un comunicado del Ministerio explic\u00f3 que los t\u00e9cnicos hicieron llegar el gas al mencionado central a trav\u00e9s de un gasoducto &hellip;<\/p>\n","protected":false},"author":1,"featured_media":85631,"comment_status":"closed","ping_status":"closed","sticky":false,"template":"","format":"standard","meta":{"footnotes":""},"categories":[597,485,573,476,7541],"tags":[12242],"class_list":["post-85630","post","type-post","status-publish","format-standard","has-post-thumbnail","","category-cinta-de-noticias","category-informes-negocios-y-finanzas","category-la-realidad-de-los-acontecimientos-en-siria","category-locales","category-ultimas-noticias","tag-central-electrica-de-deir-ezzor-vuelve-a-generar-electricidad"],"_links":{"self":[{"href":"https:\/\/archive.sana.sy\/es\/index.php?rest_route=\/wp\/v2\/posts\/85630"}],"collection":[{"href":"https:\/\/archive.sana.sy\/es\/index.php?rest_route=\/wp\/v2\/posts"}],"about":[{"href":"https:\/\/archive.sana.sy\/es\/index.php?rest_route=\/wp\/v2\/types\/post"}],"author":[{"embeddable":true,"href":"https:\/\/archive.sana.sy\/es\/index.php?rest_route=\/wp\/v2\/users\/1"}],"replies":[{"embeddable":true,"href":"https:\/\/archive.sana.sy\/es\/index.php?rest_route=%2Fwp%2Fv2%2Fcomments&post=85630"}],"version-history":[{"count":0,"href":"https:\/\/archive.sana.sy\/es\/index.php?rest_route=\/wp\/v2\/posts\/85630\/revisions"}],"wp:featuredmedia":[{"embeddable":true,"href":"https:\/\/archive.sana.sy\/es\/index.php?rest_route=\/wp\/v2\/media\/85631"}],"wp:attachment":[{"href":"https:\/\/archive.sana.sy\/es\/index.php?rest_route=%2Fwp%2Fv2%2Fmedia&parent=85630"}],"wp:term":[{"taxonomy":"category","embeddable":true,"href":"https:\/\/archive.sana.sy\/es\/index.php?rest_route=%2Fwp%2Fv2%2Fcategories&post=85630"},{"taxonomy":"post_tag","embeddable":true,"href":"https:\/\/archive.sana.sy\/es\/index.php?rest_route=%2Fwp%2Fv2%2Ftags&post=85630"}],"curies":[{"name":"wp","href":"https:\/\/api.w.org\/{rel}","templated":true}]}}