{"id":85641,"date":"2018-07-17T13:32:36","date_gmt":"2018-07-17T10:32:36","guid":{"rendered":"http:\/\/www.sana.sy\/es\/?p=85641"},"modified":"2018-07-17T13:32:36","modified_gmt":"2018-07-17T10:32:36","slug":"la-camara-de-sana-esta-en-tel-al-harra-en-deraa-despues-de-liberarlo-del-terrorismo","status":"publish","type":"post","link":"https:\/\/archive.sana.sy\/es\/?p=85641","title":{"rendered":"La c\u00e1mara de SANA est\u00e1 en Tel al- Harra en Deraa despu\u00e9s de liberarlo del terrorismo"},"content":{"rendered":"<p><span style=\"color: #800000;\">Deraa- SANA<\/span><\/p>\n<p>La c\u00e1mara de SANA est\u00e1 en Tel al- Harra en Deraa despu\u00e9s de liberarlo del terrorismo<\/p>\n<p><span style=\"color: #0000ff;\">Dr. A. Shaban<\/span><\/p>\n<p><img decoding=\"async\" src=\"http:\/\/www.sana.sy\/wp-content\/uploads\/2018\/07\/12-57.jpg\" \/><\/p>\n<p><img decoding=\"async\" src=\"http:\/\/www.sana.sy\/wp-content\/uploads\/2018\/07\/11-92.jpg\" \/><\/p>\n<p><img decoding=\"async\" src=\"http:\/\/www.sana.sy\/wp-content\/uploads\/2018\/07\/10-93.jpg\" \/><\/p>\n<p><img decoding=\"async\" src=\"http:\/\/www.sana.sy\/wp-content\/uploads\/2018\/07\/13-50.jpg\" \/><\/p>\n","protected":false},"excerpt":{"rendered":"<p>Deraa- SANA La c\u00e1mara de SANA est\u00e1 en Tel al- Harra en Deraa despu\u00e9s de liberarlo del terrorismo Dr. A. Shaban<\/p>\n","protected":false},"author":1,"featured_media":85642,"comment_status":"closed","ping_status":"closed","sticky":false,"template":"","format":"standard","meta":{"footnotes":""},"categories":[597,573,476,583],"tags":[12245],"class_list":["post-85641","post","type-post","status-publish","format-standard","has-post-thumbnail","","category-cinta-de-noticias","category-la-realidad-de-los-acontecimientos-en-siria","category-locales","category-slide","tag-la-camara-de-sana-esta-en-tel-al-harra-en-deraa-despues-de-liberarlo-del-terrorismo"],"_links":{"self":[{"href":"https:\/\/archive.sana.sy\/es\/index.php?rest_route=\/wp\/v2\/posts\/85641"}],"collection":[{"href":"https:\/\/archive.sana.sy\/es\/index.php?rest_route=\/wp\/v2\/posts"}],"about":[{"href":"https:\/\/archive.sana.sy\/es\/index.php?rest_route=\/wp\/v2\/types\/post"}],"author":[{"embeddable":true,"href":"https:\/\/archive.sana.sy\/es\/index.php?rest_route=\/wp\/v2\/users\/1"}],"replies":[{"embeddable":true,"href":"https:\/\/archive.sana.sy\/es\/index.php?rest_route=%2Fwp%2Fv2%2Fcomments&post=85641"}],"version-history":[{"count":0,"href":"https:\/\/archive.sana.sy\/es\/index.php?rest_route=\/wp\/v2\/posts\/85641\/revisions"}],"wp:featuredmedia":[{"embeddable":true,"href":"https:\/\/archive.sana.sy\/es\/index.php?rest_route=\/wp\/v2\/media\/85642"}],"wp:attachment":[{"href":"https:\/\/archive.sana.sy\/es\/index.php?rest_route=%2Fwp%2Fv2%2Fmedia&parent=85641"}],"wp:term":[{"taxonomy":"category","embeddable":true,"href":"https:\/\/archive.sana.sy\/es\/index.php?rest_route=%2Fwp%2Fv2%2Fcategories&post=85641"},{"taxonomy":"post_tag","embeddable":true,"href":"https:\/\/archive.sana.sy\/es\/index.php?rest_route=%2Fwp%2Fv2%2Ftags&post=85641"}],"curies":[{"name":"wp","href":"https:\/\/api.w.org\/{rel}","templated":true}]}}