{"id":85685,"date":"2018-07-18T09:11:56","date_gmt":"2018-07-18T06:11:56","guid":{"rendered":"http:\/\/www.sana.sy\/es\/?p=85685"},"modified":"2018-07-18T12:56:55","modified_gmt":"2018-07-18T09:56:55","slug":"en-fotos-izada-la-bandera-nacional-sobre-el-edificio-del-ayuntamiento-de-al-harak-y-en-la-plaza-principal-de-bosra-al-sham","status":"publish","type":"post","link":"https:\/\/archive.sana.sy\/es\/?p=85685","title":{"rendered":"Izada bandera nacional siria en el municipio de Bousra Al-Sham en Deraa"},"content":{"rendered":"<p><span style=\"color: #800000;\">Deraa, SANA<\/span><\/p>\n<p>Fue izada la bandera nacional siria en la plaza central de Bousra Al- Sham, la mayor ciudad en el campo este de la provincia de Deraa.<\/p>\n<p>El gobernador de Deraa, Mohammad Khaled Hanous, iz\u00f3 la bandera en presencia de cientos de civiles y de una unidad de efectivos de las Fuerzas de Seguridad Interna.<\/p>\n<p>En declaraciones a la prensa, Hanous dijo: &#8220;Izamos la bandera siria en la ciudad m\u00e1s antigua del sur de Siria donde viv\u00edan musulmanes y cristianos que participaron juntos en la construcci\u00f3n de esta ciudad&#8221;.<\/p>\n<p>Agreg\u00f3 que la liberaci\u00f3n de la ciudad fue gracias a los sacrificios del ej\u00e9rcito sirio y los esfuerzos de los amigos, indicando que las autoridades de Deraa han tomado todas las medidas posibles para ayudar a los refugiados para que regresen a sus casas.<\/p>\n<p>Bousra Al-Sham es un municipio ubicado a unos 40 km de la ciudad de Deraa y 20 km de la frontera con Jordania, fue un punto estrat\u00e9gico importante y uno de los bastiones m\u00e1s grandes de los terroristas en el sur de Siria.<\/p>\n<p>M\/Miri\/ F. Marouf\/ Dr. A. Sh.<\/p>\n<p><img decoding=\"async\" src=\"http:\/\/www.sana.sy\/wp-content\/uploads\/2018\/07\/2-228.jpg\" \/><\/p>\n<p><img decoding=\"async\" src=\"http:\/\/www.sana.sy\/wp-content\/uploads\/2018\/07\/2-232.jpg\" \/><\/p>\n<p><img decoding=\"async\" src=\"http:\/\/www.sana.sy\/wp-content\/uploads\/2018\/07\/4-142.jpg\" \/><\/p>\n<p><img decoding=\"async\" src=\"http:\/\/www.sana.sy\/wp-content\/uploads\/2018\/07\/1-406.jpg\" \/><\/p>\n<p>&nbsp;<\/p>\n<p><a href=\"http:\/\/www.sana.sy\/es\/?attachment_id=85689\" rel=\"attachment wp-att-85689\"><img loading=\"lazy\" decoding=\"async\" class=\"alignnone size-medium wp-image-85689\" src=\"http:\/\/www.sana.sy\/es\/wp-content\/uploads\/2018\/07\/22-5-300x169.jpg\" alt=\"\" width=\"300\" height=\"169\" srcset=\"https:\/\/archive.sana.sy\/es\/wp-content\/uploads\/2018\/07\/22-5-300x169.jpg 300w, https:\/\/archive.sana.sy\/es\/wp-content\/uploads\/2018\/07\/22-5-150x84.jpg 150w, https:\/\/archive.sana.sy\/es\/wp-content\/uploads\/2018\/07\/22-5.jpg 660w\" sizes=\"(max-width: 300px) 100vw, 300px\" \/><\/a><\/p>\n<p>&nbsp;<\/p>\n<p><a href=\"http:\/\/www.sana.sy\/es\/?attachment_id=85690\" rel=\"attachment wp-att-85690\"><img loading=\"lazy\" decoding=\"async\" class=\"alignnone size-medium wp-image-85690\" src=\"http:\/\/www.sana.sy\/es\/wp-content\/uploads\/2018\/07\/33-4-300x169.jpg\" alt=\"\" width=\"300\" height=\"169\" srcset=\"https:\/\/archive.sana.sy\/es\/wp-content\/uploads\/2018\/07\/33-4-300x169.jpg 300w, https:\/\/archive.sana.sy\/es\/wp-content\/uploads\/2018\/07\/33-4-150x84.jpg 150w, https:\/\/archive.sana.sy\/es\/wp-content\/uploads\/2018\/07\/33-4.jpg 660w\" sizes=\"(max-width: 300px) 100vw, 300px\" \/><\/a><\/p>\n<p>&nbsp;<\/p>\n","protected":false},"excerpt":{"rendered":"<p>Deraa, SANA Fue izada la bandera nacional siria en la plaza central de Bousra Al- Sham, la mayor ciudad en el campo este de la provincia de Deraa. El gobernador de Deraa, Mohammad Khaled Hanous, iz\u00f3 la bandera en presencia de cientos de civiles y de una unidad de efectivos de las Fuerzas de Seguridad &hellip;<\/p>\n","protected":false},"author":1,"featured_media":85691,"comment_status":"closed","ping_status":"closed","sticky":false,"template":"","format":"standard","meta":{"footnotes":""},"categories":[597,625,623,573,571,7541],"tags":[12256],"class_list":["post-85685","post","type-post","status-publish","format-standard","has-post-thumbnail","","category-cinta-de-noticias","category-fotos-fotos-sana","category-fotos-sana","category-la-realidad-de-los-acontecimientos-en-siria","category-siria-en-fotos","category-ultimas-noticias","tag-izada-bandera-nacional-siria-en-el-municipio-de-bousra-al-sham-en-deraa"],"_links":{"self":[{"href":"https:\/\/archive.sana.sy\/es\/index.php?rest_route=\/wp\/v2\/posts\/85685"}],"collection":[{"href":"https:\/\/archive.sana.sy\/es\/index.php?rest_route=\/wp\/v2\/posts"}],"about":[{"href":"https:\/\/archive.sana.sy\/es\/index.php?rest_route=\/wp\/v2\/types\/post"}],"author":[{"embeddable":true,"href":"https:\/\/archive.sana.sy\/es\/index.php?rest_route=\/wp\/v2\/users\/1"}],"replies":[{"embeddable":true,"href":"https:\/\/archive.sana.sy\/es\/index.php?rest_route=%2Fwp%2Fv2%2Fcomments&post=85685"}],"version-history":[{"count":0,"href":"https:\/\/archive.sana.sy\/es\/index.php?rest_route=\/wp\/v2\/posts\/85685\/revisions"}],"wp:featuredmedia":[{"embeddable":true,"href":"https:\/\/archive.sana.sy\/es\/index.php?rest_route=\/wp\/v2\/media\/85691"}],"wp:attachment":[{"href":"https:\/\/archive.sana.sy\/es\/index.php?rest_route=%2Fwp%2Fv2%2Fmedia&parent=85685"}],"wp:term":[{"taxonomy":"category","embeddable":true,"href":"https:\/\/archive.sana.sy\/es\/index.php?rest_route=%2Fwp%2Fv2%2Fcategories&post=85685"},{"taxonomy":"post_tag","embeddable":true,"href":"https:\/\/archive.sana.sy\/es\/index.php?rest_route=%2Fwp%2Fv2%2Ftags&post=85685"}],"curies":[{"name":"wp","href":"https:\/\/api.w.org\/{rel}","templated":true}]}}