{"id":85710,"date":"2018-07-18T08:43:13","date_gmt":"2018-07-18T05:43:13","guid":{"rendered":"http:\/\/www.sana.sy\/es\/?p=85710"},"modified":"2018-07-18T08:43:13","modified_gmt":"2018-07-18T05:43:13","slug":"poblacion-del-campo-centro-y-sur-de-quneitra-se-manifiesta-para-exigir-la-expulsion-de-terroristas","status":"publish","type":"post","link":"https:\/\/archive.sana.sy\/es\/?p=85710","title":{"rendered":"Poblaci\u00f3n del campo centro y sur de Quneitra se manifiesta para exigir la expulsi\u00f3n de terroristas"},"content":{"rendered":"<p><span style=\"color: #800000;\">Quneitra, SANA<\/span><\/p>\n<p>Los poblados del campo central y sur de la provincia de Kenitra fueron testigos de manifestaciones y protestas para exigir la expulsi\u00f3n de los terroristas y la entrada del ej\u00e9rcito sirio para que ponga fin a los actos criminales cometidos por los radicales de asesinato de civiles y saqueo de bienes p\u00fablicos y privados.<\/p>\n<p>Los poblados de los pueblos de Kom Basha, Hayyah, Ain Tinah, Qurqus, Um Gharah, Qusseibeh, Daulieh, Sueseh, Zubeidah y Rusum Ali, salieron en manifestaciones que recurrieron las calles y plazas de sus poblados, coreando consignas que exigen la salida de los terroristas y la entrada del ej\u00e9rcito sirio para liberar a la poblaci\u00f3n del terror.<\/p>\n<p>Mientras tanto, el ej\u00e9rcito contin\u00faa sus operaciones militares en medio de un estado de confusi\u00f3n y colapso entre las filas de los grupos terroristas.<\/p>\n<p><span style=\"color: #0000ff;\">F. Marouf\/ Dr. A. Shaban<\/span><\/p>\n","protected":false},"excerpt":{"rendered":"<p>Quneitra, SANA Los poblados del campo central y sur de la provincia de Kenitra fueron testigos de manifestaciones y protestas para exigir la expulsi\u00f3n de los terroristas y la entrada del ej\u00e9rcito sirio para que ponga fin a los actos criminales cometidos por los radicales de asesinato de civiles y saqueo de bienes p\u00fablicos y &hellip;<\/p>\n","protected":false},"author":1,"featured_media":85711,"comment_status":"closed","ping_status":"closed","sticky":false,"template":"","format":"standard","meta":{"footnotes":""},"categories":[597,573,476,7541],"tags":[12253],"class_list":["post-85710","post","type-post","status-publish","format-standard","has-post-thumbnail","","category-cinta-de-noticias","category-la-realidad-de-los-acontecimientos-en-siria","category-locales","category-ultimas-noticias","tag-poblacion-del-campo-centro-y-sur-de-quneitra-se-manifiesta-para-exigir-la-expulsion-de-terroristas"],"_links":{"self":[{"href":"https:\/\/archive.sana.sy\/es\/index.php?rest_route=\/wp\/v2\/posts\/85710"}],"collection":[{"href":"https:\/\/archive.sana.sy\/es\/index.php?rest_route=\/wp\/v2\/posts"}],"about":[{"href":"https:\/\/archive.sana.sy\/es\/index.php?rest_route=\/wp\/v2\/types\/post"}],"author":[{"embeddable":true,"href":"https:\/\/archive.sana.sy\/es\/index.php?rest_route=\/wp\/v2\/users\/1"}],"replies":[{"embeddable":true,"href":"https:\/\/archive.sana.sy\/es\/index.php?rest_route=%2Fwp%2Fv2%2Fcomments&post=85710"}],"version-history":[{"count":0,"href":"https:\/\/archive.sana.sy\/es\/index.php?rest_route=\/wp\/v2\/posts\/85710\/revisions"}],"wp:featuredmedia":[{"embeddable":true,"href":"https:\/\/archive.sana.sy\/es\/index.php?rest_route=\/wp\/v2\/media\/85711"}],"wp:attachment":[{"href":"https:\/\/archive.sana.sy\/es\/index.php?rest_route=%2Fwp%2Fv2%2Fmedia&parent=85710"}],"wp:term":[{"taxonomy":"category","embeddable":true,"href":"https:\/\/archive.sana.sy\/es\/index.php?rest_route=%2Fwp%2Fv2%2Fcategories&post=85710"},{"taxonomy":"post_tag","embeddable":true,"href":"https:\/\/archive.sana.sy\/es\/index.php?rest_route=%2Fwp%2Fv2%2Ftags&post=85710"}],"curies":[{"name":"wp","href":"https:\/\/api.w.org\/{rel}","templated":true}]}}