{"id":85732,"date":"2018-07-18T13:19:32","date_gmt":"2018-07-18T10:19:32","guid":{"rendered":"http:\/\/www.sana.sy\/es\/?p=85732"},"modified":"2018-07-18T13:35:09","modified_gmt":"2018-07-18T10:35:09","slug":"zarif-el-daesh-fue-derrotado-gracias-a-la-resistencia-y-la-tenacidad-de-siria","status":"publish","type":"post","link":"https:\/\/archive.sana.sy\/es\/?p=85732","title":{"rendered":"Zarif: El Daesh fue derrotado gracias a la resistencia y la tenacidad de Siria"},"content":{"rendered":"<p><span style=\"color: #800000;\">Teher\u00e1n, SANA<\/span><\/p>\n<p>El ministro de Exteriores de Ir\u00e1n, Mohammed Javad Zarif, afirm\u00f3 que su pa\u00eds tiene buenas relaciones con Siria y Rusia, y seguir\u00e1 manteniendo esas relaciones hasta lograr el objetivo anhelado en la lucha contra el terrorismo.<\/p>\n<p>En entrevista concedida a la cadena &#8220;Euronews&#8221;, el canciller iran\u00ed explic\u00f3 que su pa\u00eds mantendr\u00e1 sus buenas relaciones y su coordinaci\u00f3n con Siria y Rusia, y opin\u00f3 que &#8220;si no fuera por la resistencia del pueblo sirio no hubieran sido posibles las recientes victorias contra la organizaci\u00f3n terrorista Daesh&#8221;.<\/p>\n<p>En cuanto a la reciente cumbre entre los dos presidentes Vladimir Putin y Donald Trump, el jefe de la diplomacia iran\u00ed subray\u00f3 que el futuro de Siria lo decide y determina el pueblo sirio.<\/p>\n<p>&#8220;El pueblo sirio ha demostrado gran resistencia y firmeza al enfrentar la enorme presi\u00f3n, las acciones terroristas y la invasi\u00f3n de los radicales durante siete a\u00f1os&#8221;, concluy\u00f3 el canciller iran\u00ed.<\/p>\n<p><span style=\"color: #0000ff;\">F. Marouf\/ Dr. A. Shaban<\/span><\/p>\n","protected":false},"excerpt":{"rendered":"<p>Teher\u00e1n, SANA El ministro de Exteriores de Ir\u00e1n, Mohammed Javad Zarif, afirm\u00f3 que su pa\u00eds tiene buenas relaciones con Siria y Rusia, y seguir\u00e1 manteniendo esas relaciones hasta lograr el objetivo anhelado en la lucha contra el terrorismo. En entrevista concedida a la cadena &#8220;Euronews&#8221;, el canciller iran\u00ed explic\u00f3 que su pa\u00eds mantendr\u00e1 sus buenas &hellip;<\/p>\n","protected":false},"author":1,"featured_media":85733,"comment_status":"closed","ping_status":"closed","sticky":false,"template":"","format":"standard","meta":{"footnotes":""},"categories":[597,467,7541],"tags":[12260],"class_list":["post-85732","post","type-post","status-publish","format-standard","has-post-thumbnail","","category-cinta-de-noticias","category-siria-y-el-mundo","category-ultimas-noticias","tag-zarif-el-daesh-fue-derrotado-gracias-a-la-resistencia-y-la-tenacidad-de-siria"],"_links":{"self":[{"href":"https:\/\/archive.sana.sy\/es\/index.php?rest_route=\/wp\/v2\/posts\/85732"}],"collection":[{"href":"https:\/\/archive.sana.sy\/es\/index.php?rest_route=\/wp\/v2\/posts"}],"about":[{"href":"https:\/\/archive.sana.sy\/es\/index.php?rest_route=\/wp\/v2\/types\/post"}],"author":[{"embeddable":true,"href":"https:\/\/archive.sana.sy\/es\/index.php?rest_route=\/wp\/v2\/users\/1"}],"replies":[{"embeddable":true,"href":"https:\/\/archive.sana.sy\/es\/index.php?rest_route=%2Fwp%2Fv2%2Fcomments&post=85732"}],"version-history":[{"count":0,"href":"https:\/\/archive.sana.sy\/es\/index.php?rest_route=\/wp\/v2\/posts\/85732\/revisions"}],"wp:featuredmedia":[{"embeddable":true,"href":"https:\/\/archive.sana.sy\/es\/index.php?rest_route=\/wp\/v2\/media\/85733"}],"wp:attachment":[{"href":"https:\/\/archive.sana.sy\/es\/index.php?rest_route=%2Fwp%2Fv2%2Fmedia&parent=85732"}],"wp:term":[{"taxonomy":"category","embeddable":true,"href":"https:\/\/archive.sana.sy\/es\/index.php?rest_route=%2Fwp%2Fv2%2Fcategories&post=85732"},{"taxonomy":"post_tag","embeddable":true,"href":"https:\/\/archive.sana.sy\/es\/index.php?rest_route=%2Fwp%2Fv2%2Ftags&post=85732"}],"curies":[{"name":"wp","href":"https:\/\/api.w.org\/{rel}","templated":true}]}}