{"id":85806,"date":"2018-07-19T12:10:11","date_gmt":"2018-07-19T09:10:11","guid":{"rendered":"http:\/\/www.sana.sy\/es\/?p=85806"},"modified":"2018-07-19T13:49:42","modified_gmt":"2018-07-19T10:49:42","slug":"alcanzan-acuerdo-para-salida-de-terroristas-de-la-provincia-de-quneitra","status":"publish","type":"post","link":"https:\/\/archive.sana.sy\/es\/?p=85806","title":{"rendered":"Alcanzan acuerdo para salida de terroristas de la provincia de Quneitra"},"content":{"rendered":"<p><span style=\"color: #800000;\">Quneitra, SANA<\/span><\/p>\n<p>Fuentes fidedignas citadas por el corresponsal de SANA, informaron sobre el alcance de un acuerdo, cuyo texto estipula la salida de todos los terroristas que rechazan la reconciliaci\u00f3n de la provincia sure\u00f1a de Quneitra hacia la provincia septentrional de Idleb.<\/p>\n<p>El acuerdo estipula adem\u00e1s indultar y normalizar el estatus jur\u00eddico de los armados que deponen sus armas y se entregan al ej\u00e9rcito sirio.<\/p>\n<p>Por otro lado, el acuerdo prev\u00e9 el regreso de las Fuerzas Armadas Sirias a sus puntos y posiciones anteriores al a\u00f1o 2011.<\/p>\n<p><span style=\"color: #0000ff;\">F. Marouf\/Dr. A. Shaban<\/span><\/p>\n","protected":false},"excerpt":{"rendered":"<p>Quneitra, SANA Fuentes fidedignas citadas por el corresponsal de SANA, informaron sobre el alcance de un acuerdo, cuyo texto estipula la salida de todos los terroristas que rechazan la reconciliaci\u00f3n de la provincia sure\u00f1a de Quneitra hacia la provincia septentrional de Idleb. El acuerdo estipula adem\u00e1s indultar y normalizar el estatus jur\u00eddico de los armados &hellip;<\/p>\n","protected":false},"author":1,"featured_media":85805,"comment_status":"closed","ping_status":"closed","sticky":false,"template":"","format":"standard","meta":{"footnotes":""},"categories":[597,573,476,583],"tags":[12266],"class_list":["post-85806","post","type-post","status-publish","format-standard","has-post-thumbnail","","category-cinta-de-noticias","category-la-realidad-de-los-acontecimientos-en-siria","category-locales","category-slide","tag-alcanzan-acuerdo-para-salida-de-terroristas-de-la-provincia-de-quneitra"],"_links":{"self":[{"href":"https:\/\/archive.sana.sy\/es\/index.php?rest_route=\/wp\/v2\/posts\/85806"}],"collection":[{"href":"https:\/\/archive.sana.sy\/es\/index.php?rest_route=\/wp\/v2\/posts"}],"about":[{"href":"https:\/\/archive.sana.sy\/es\/index.php?rest_route=\/wp\/v2\/types\/post"}],"author":[{"embeddable":true,"href":"https:\/\/archive.sana.sy\/es\/index.php?rest_route=\/wp\/v2\/users\/1"}],"replies":[{"embeddable":true,"href":"https:\/\/archive.sana.sy\/es\/index.php?rest_route=%2Fwp%2Fv2%2Fcomments&post=85806"}],"version-history":[{"count":0,"href":"https:\/\/archive.sana.sy\/es\/index.php?rest_route=\/wp\/v2\/posts\/85806\/revisions"}],"wp:featuredmedia":[{"embeddable":true,"href":"https:\/\/archive.sana.sy\/es\/index.php?rest_route=\/wp\/v2\/media\/85805"}],"wp:attachment":[{"href":"https:\/\/archive.sana.sy\/es\/index.php?rest_route=%2Fwp%2Fv2%2Fmedia&parent=85806"}],"wp:term":[{"taxonomy":"category","embeddable":true,"href":"https:\/\/archive.sana.sy\/es\/index.php?rest_route=%2Fwp%2Fv2%2Fcategories&post=85806"},{"taxonomy":"post_tag","embeddable":true,"href":"https:\/\/archive.sana.sy\/es\/index.php?rest_route=%2Fwp%2Fv2%2Ftags&post=85806"}],"curies":[{"name":"wp","href":"https:\/\/api.w.org\/{rel}","templated":true}]}}