{"id":85808,"date":"2018-07-19T12:50:41","date_gmt":"2018-07-19T09:50:41","guid":{"rendered":"http:\/\/www.sana.sy\/es\/?p=85808"},"modified":"2018-07-19T13:58:59","modified_gmt":"2018-07-19T10:58:59","slug":"miles-de-civiles-de-kafraya-y-foa-son-evacuadas-y-hospedados-en-centros-de-residencia-temporal","status":"publish","type":"post","link":"https:\/\/archive.sana.sy\/es\/?p=85808","title":{"rendered":"Miles de civiles de Kafraya y Foa son evacuadas y hospedados en centros de residencia temporal"},"content":{"rendered":"<p><span style=\"color: #800000;\">Alepo, SANA<\/span><\/p>\n<p>M\u00e1s de 51 autobuses procedentes de los poblados de Kafraya y Foa en Idleb, llegaron a la ciudad de Alepo a trav\u00e9s del corredor de Al-Eis, en el sur de la provincia de Alepo.<\/p>\n<p>Los autobuses trasladaron a miles de civiles que estaban asediados en esas dos localidades y fueron ingresados en los centros de resistencia temporal, donde se les ofrece alimentos y todo tipo de servicios m\u00e9dicos.<\/p>\n<p>Anteriormente, 13 personas enfermas de los asediados poblados de Kafraya y Foa en Idleb, han sido evacuadas e ingresadas en los hospitales de la ciudad de Alepo para que reciban tratamiento m\u00e9dico.<\/p>\n<p>La evacuaci\u00f3n de los enfermos se llev\u00f3 a cabo esta madrugada y a trav\u00e9s del corredor de Al-Eis en el sur de Alepo, donde las ambulancias de la Media Luna Roja \u00c1rabe Siria trasladaron a 13 enfermos y sus acompa\u00f1antes hacia los hospitales de Alepo.<\/p>\n<p>Cabe resaltar que 121 autobuses acompa\u00f1ados por decenas de ambulancias de la Media Luna Roja \u00c1rabe Siria hab\u00edan entrado el mi\u00e9rcoles en las localidades de Kafraya y Foa, para sacar a los civiles asediados por los terroristas en esas dos localidades.<\/p>\n<p>El martes pasado, se anunci\u00f3 el alcance de un acuerdo para la liberaci\u00f3n del total restante de secuestrados del poblado de Ishtubruk, y tambi\u00e9n a miles de civiles asediados de los poblados de Kafraya y Foa, en el campo de la provincia de Idleb.<\/p>\n<p>El alcance de este acuerdo viene dos meses despu\u00e9s de la liberaci\u00f3n de 42 secuestrados de Ishtubruk y cinco civiles de Kafraya y Foa, como parte de un acuerdo para la liberaci\u00f3n de los secuestradores de Ishtubruk y los civiles asediados en Kafraya y Foa.<\/p>\n<p>Los terroristas del Frente Al-Nousra cometieron el 26 de abril del a\u00f1o 2015 una masacre en el pueblo de Ishtubruk, donde los terroristas invadieron el poblado y mataron a casi 200 civiles y secuestraron a otros cientos, incluyendo familias enteras, mientras otros cientos de residentes del pueblo lograron huirse a las zonas seguras por medio de tractores y veh\u00edculos agr\u00edcolas.<\/p>\n<p>A finales del pasado mes de abril, se alcanz\u00f3 un acuerdo para sacar a los terroristas del campamento Yarmouk para refugiados palestinos hacia Idleb a cambio de liberar los asediados en las localidades de Kafraya y Foa que se estiman en 5000 y liberar a 85 mujeres y ni\u00f1os de los secuestrados del poblado de Ishtubruk.<\/p>\n<p>&nbsp;<\/p>\n<p><img decoding=\"async\" src=\"http:\/\/www.sana.sy\/wp-content\/uploads\/2018\/07\/8-78.jpg\" \/><\/p>\n<p><img decoding=\"async\" src=\"http:\/\/www.sana.sy\/wp-content\/uploads\/2018\/07\/9-73.jpg\" \/><\/p>\n<p><img decoding=\"async\" src=\"http:\/\/www.sana.sy\/wp-content\/uploads\/2018\/07\/10-101.jpg\" \/><\/p>\n<p><span style=\"color: #0000ff;\">F.Marouf\/ Dr. A. Shaban<\/span><\/p>\n","protected":false},"excerpt":{"rendered":"<p>Alepo, SANA M\u00e1s de 51 autobuses procedentes de los poblados de Kafraya y Foa en Idleb, llegaron a la ciudad de Alepo a trav\u00e9s del corredor de Al-Eis, en el sur de la provincia de Alepo. Los autobuses trasladaron a miles de civiles que estaban asediados en esas dos localidades y fueron ingresados en los &hellip;<\/p>\n","protected":false},"author":1,"featured_media":85809,"comment_status":"closed","ping_status":"closed","sticky":false,"template":"","format":"standard","meta":{"footnotes":""},"categories":[597,573,476,583],"tags":[12267],"class_list":["post-85808","post","type-post","status-publish","format-standard","has-post-thumbnail","","category-cinta-de-noticias","category-la-realidad-de-los-acontecimientos-en-siria","category-locales","category-slide","tag-miles-de-civiles-de-kafraya-y-foa-son-evacuadas-y-hospedados-en-centros-de-residencia-temporal"],"_links":{"self":[{"href":"https:\/\/archive.sana.sy\/es\/index.php?rest_route=\/wp\/v2\/posts\/85808"}],"collection":[{"href":"https:\/\/archive.sana.sy\/es\/index.php?rest_route=\/wp\/v2\/posts"}],"about":[{"href":"https:\/\/archive.sana.sy\/es\/index.php?rest_route=\/wp\/v2\/types\/post"}],"author":[{"embeddable":true,"href":"https:\/\/archive.sana.sy\/es\/index.php?rest_route=\/wp\/v2\/users\/1"}],"replies":[{"embeddable":true,"href":"https:\/\/archive.sana.sy\/es\/index.php?rest_route=%2Fwp%2Fv2%2Fcomments&post=85808"}],"version-history":[{"count":0,"href":"https:\/\/archive.sana.sy\/es\/index.php?rest_route=\/wp\/v2\/posts\/85808\/revisions"}],"wp:featuredmedia":[{"embeddable":true,"href":"https:\/\/archive.sana.sy\/es\/index.php?rest_route=\/wp\/v2\/media\/85809"}],"wp:attachment":[{"href":"https:\/\/archive.sana.sy\/es\/index.php?rest_route=%2Fwp%2Fv2%2Fmedia&parent=85808"}],"wp:term":[{"taxonomy":"category","embeddable":true,"href":"https:\/\/archive.sana.sy\/es\/index.php?rest_route=%2Fwp%2Fv2%2Fcategories&post=85808"},{"taxonomy":"post_tag","embeddable":true,"href":"https:\/\/archive.sana.sy\/es\/index.php?rest_route=%2Fwp%2Fv2%2Ftags&post=85808"}],"curies":[{"name":"wp","href":"https:\/\/api.w.org\/{rel}","templated":true}]}}