{"id":85830,"date":"2018-07-19T18:21:23","date_gmt":"2018-07-19T15:21:23","guid":{"rendered":"http:\/\/www.sana.sy\/es\/?p=85830"},"modified":"2018-07-19T18:21:23","modified_gmt":"2018-07-19T15:21:23","slug":"ffaa-liberan-dos-nuevos-poblados-en-el-campo-de-la-provincia-de-deraa","status":"publish","type":"post","link":"https:\/\/archive.sana.sy\/es\/?p=85830","title":{"rendered":"FFAA liberan dos nuevos poblados en el campo de la provincia de Deraa"},"content":{"rendered":"<p>Deraa-SANA<\/p>\n<p>Una fuente militar ha declarado los poblados de Kherbet Teyer y Shiek Saad, ubicados en el campo noroeste de la provincia de Deraa libre de terroristas, tras eliminar la \u00faltima concentraci\u00f3n de terroristas en los antemencionados poblados.<\/p>\n<p>\u00a8Durante las \u00faltimas horas, unidades del ej\u00e9rcito sirio libraron feroces combates con los grupos terroristas atrincherados en los poblados de Kherbet Teyer y Shiek Saad\u2026los enfrentamientos terminaron con la liberaci\u00f3n de los dos poblados y la eliminaci\u00f3n de numerosos terroristas, adem\u00e1s su pertrecho b\u00e9lico ha sido destruido\u00a8, detalla la fuente militar.<\/p>\n<p>Y.K.<\/p>\n","protected":false},"excerpt":{"rendered":"<p>Deraa-SANA Una fuente militar ha declarado los poblados de Kherbet Teyer y Shiek Saad, ubicados en el campo noroeste de la provincia de Deraa libre de terroristas, tras eliminar la \u00faltima concentraci\u00f3n de terroristas en los antemencionados poblados. \u00a8Durante las \u00faltimas horas, unidades del ej\u00e9rcito sirio libraron feroces combates con los grupos terroristas atrincherados en &hellip;<\/p>\n","protected":false},"author":1,"featured_media":85831,"comment_status":"closed","ping_status":"closed","sticky":false,"template":"","format":"standard","meta":{"footnotes":""},"categories":[573,7541],"tags":[],"class_list":["post-85830","post","type-post","status-publish","format-standard","has-post-thumbnail","","category-la-realidad-de-los-acontecimientos-en-siria","category-ultimas-noticias"],"_links":{"self":[{"href":"https:\/\/archive.sana.sy\/es\/index.php?rest_route=\/wp\/v2\/posts\/85830"}],"collection":[{"href":"https:\/\/archive.sana.sy\/es\/index.php?rest_route=\/wp\/v2\/posts"}],"about":[{"href":"https:\/\/archive.sana.sy\/es\/index.php?rest_route=\/wp\/v2\/types\/post"}],"author":[{"embeddable":true,"href":"https:\/\/archive.sana.sy\/es\/index.php?rest_route=\/wp\/v2\/users\/1"}],"replies":[{"embeddable":true,"href":"https:\/\/archive.sana.sy\/es\/index.php?rest_route=%2Fwp%2Fv2%2Fcomments&post=85830"}],"version-history":[{"count":0,"href":"https:\/\/archive.sana.sy\/es\/index.php?rest_route=\/wp\/v2\/posts\/85830\/revisions"}],"wp:featuredmedia":[{"embeddable":true,"href":"https:\/\/archive.sana.sy\/es\/index.php?rest_route=\/wp\/v2\/media\/85831"}],"wp:attachment":[{"href":"https:\/\/archive.sana.sy\/es\/index.php?rest_route=%2Fwp%2Fv2%2Fmedia&parent=85830"}],"wp:term":[{"taxonomy":"category","embeddable":true,"href":"https:\/\/archive.sana.sy\/es\/index.php?rest_route=%2Fwp%2Fv2%2Fcategories&post=85830"},{"taxonomy":"post_tag","embeddable":true,"href":"https:\/\/archive.sana.sy\/es\/index.php?rest_route=%2Fwp%2Fv2%2Ftags&post=85830"}],"curies":[{"name":"wp","href":"https:\/\/api.w.org\/{rel}","templated":true}]}}