{"id":85833,"date":"2018-07-19T18:40:08","date_gmt":"2018-07-19T15:40:08","guid":{"rendered":"http:\/\/www.sana.sy\/es\/?p=85833"},"modified":"2018-07-19T18:40:08","modified_gmt":"2018-07-19T15:40:08","slug":"rusia-e-iran-reiteran-apoyo-a-solucion-politica-a-la-crisis-de-siria","status":"publish","type":"post","link":"https:\/\/archive.sana.sy\/es\/?p=85833","title":{"rendered":"Rusia e Ir\u00e1n reiteran apoyo a soluci\u00f3n pol\u00edtica a la crisis de Siria"},"content":{"rendered":"<p>Teher\u00e1n-SANA<\/p>\n<p>El Secretario adjunto del Consejo de Seguridad Nacional de Ir\u00e1n, Saeid Iravani sostuvo conversaciones con el Enviado Especial del Presidente de Rusia para Siria Alexander Laurentiev en Teher\u00e1n el jueves, en la que ambos funcionarios examinaron los medios para apoyar la soluci\u00f3n pol\u00edtica a la crisis siria.<\/p>\n<p>Iravani reiter\u00f3 en declaraciones tras la reuni\u00f3n, el apoyo de su pa\u00eds a la soluci\u00f3n pol\u00edtica de la crisis de Siria, y se\u00f1al\u00f3 que Ir\u00e1n presta una atenci\u00f3n especial en lo relacionado con el dialogo sirio-sirio. \u00a8Apoyamos cualquier esfuerzo en este sentido\u00a8, recalc\u00f3.<br \/>\nEl funcionario iran\u00ed dijo que las victorias del Ej\u00e9rcito \u00c1rabe Siria contra el terrorismo, repercute positivamente en el proceso pol\u00edtico, en el marco de las conversaciones de Astana y Sochi.<\/p>\n<p>Por su parte, Laurentiev hizo hincapi\u00e9 en que \u00b4el gobierno ruso est\u00e1 determinado a continuar la cooperaci\u00f3n conjunta en materia de la lucha contra el terrorismo. &#8220;Rusia continuar\u00e1 en este proceso hasta lograr el restablecimiento de la seguridad y la estabilidad en Siria&#8221;, dijo.<\/p>\n<p>Y.K.<\/p>\n","protected":false},"excerpt":{"rendered":"<p>Teher\u00e1n-SANA El Secretario adjunto del Consejo de Seguridad Nacional de Ir\u00e1n, Saeid Iravani sostuvo conversaciones con el Enviado Especial del Presidente de Rusia para Siria Alexander Laurentiev en Teher\u00e1n el jueves, en la que ambos funcionarios examinaron los medios para apoyar la soluci\u00f3n pol\u00edtica a la crisis siria. Iravani reiter\u00f3 en declaraciones tras la reuni\u00f3n, &hellip;<\/p>\n","protected":false},"author":1,"featured_media":85834,"comment_status":"closed","ping_status":"closed","sticky":false,"template":"","format":"standard","meta":{"footnotes":""},"categories":[456,7541],"tags":[],"class_list":["post-85833","post","type-post","status-publish","format-standard","has-post-thumbnail","","category-arabe-internacional-politica","category-ultimas-noticias"],"_links":{"self":[{"href":"https:\/\/archive.sana.sy\/es\/index.php?rest_route=\/wp\/v2\/posts\/85833"}],"collection":[{"href":"https:\/\/archive.sana.sy\/es\/index.php?rest_route=\/wp\/v2\/posts"}],"about":[{"href":"https:\/\/archive.sana.sy\/es\/index.php?rest_route=\/wp\/v2\/types\/post"}],"author":[{"embeddable":true,"href":"https:\/\/archive.sana.sy\/es\/index.php?rest_route=\/wp\/v2\/users\/1"}],"replies":[{"embeddable":true,"href":"https:\/\/archive.sana.sy\/es\/index.php?rest_route=%2Fwp%2Fv2%2Fcomments&post=85833"}],"version-history":[{"count":0,"href":"https:\/\/archive.sana.sy\/es\/index.php?rest_route=\/wp\/v2\/posts\/85833\/revisions"}],"wp:featuredmedia":[{"embeddable":true,"href":"https:\/\/archive.sana.sy\/es\/index.php?rest_route=\/wp\/v2\/media\/85834"}],"wp:attachment":[{"href":"https:\/\/archive.sana.sy\/es\/index.php?rest_route=%2Fwp%2Fv2%2Fmedia&parent=85833"}],"wp:term":[{"taxonomy":"category","embeddable":true,"href":"https:\/\/archive.sana.sy\/es\/index.php?rest_route=%2Fwp%2Fv2%2Fcategories&post=85833"},{"taxonomy":"post_tag","embeddable":true,"href":"https:\/\/archive.sana.sy\/es\/index.php?rest_route=%2Fwp%2Fv2%2Ftags&post=85833"}],"curies":[{"name":"wp","href":"https:\/\/api.w.org\/{rel}","templated":true}]}}