{"id":85867,"date":"2018-07-20T14:25:28","date_gmt":"2018-07-20T11:25:28","guid":{"rendered":"http:\/\/www.sana.sy\/es\/?p=85867"},"modified":"2018-07-20T14:25:28","modified_gmt":"2018-07-20T11:25:28","slug":"detiene-a-cabecilla-de-daesh-en-la-provincia-iraqui-de-diyala","status":"publish","type":"post","link":"https:\/\/archive.sana.sy\/es\/?p=85867","title":{"rendered":"Detiene a cabecilla de Daesh en la provincia iraqu\u00ed de diyala"},"content":{"rendered":"<p><span style=\"color: #800000\">Bagdad, SANA<\/span>&#8211; Las fuerzas iraqu\u00edes arrestaron hoy a uno de los l\u00edderes de la organizaci\u00f3n terroristas (Daesh), al noreste de la provincia de Diyala.<\/p>\n<p>&#8220;Un equipo de seguridad de inteligencia y contraterrorismo en Diyala arrest\u00f3 a uno de los importantes l\u00edderes de Daesh en una operaci\u00f3n cualitativa llevada a cabo en el distrito de Jabara, a 90 km al noreste de Baquba&#8221;, dijo el comnadante de operaciones de Diyala, Mayor General Mizher al-Azzawi, a Alsumaria News.<\/p>\n<p>Antes, las fuerzas de seguridad en Diyala han arrestado durante el per\u00edodo pasado a muchos l\u00edderes de Daesh en diferentes partes de la provincia.<\/p>\n<p>M\/Miri<\/p>\n","protected":false},"excerpt":{"rendered":"<p>Bagdad, SANA&#8211; Las fuerzas iraqu\u00edes arrestaron hoy a uno de los l\u00edderes de la organizaci\u00f3n terroristas (Daesh), al noreste de la provincia de Diyala. &#8220;Un equipo de seguridad de inteligencia y contraterrorismo en Diyala arrest\u00f3 a uno de los importantes l\u00edderes de Daesh en una operaci\u00f3n cualitativa llevada a cabo en el distrito de Jabara, &hellip;<\/p>\n","protected":false},"author":1,"featured_media":85868,"comment_status":"closed","ping_status":"closed","sticky":false,"template":"","format":"standard","meta":{"footnotes":""},"categories":[597,456,457],"tags":[5835],"class_list":["post-85867","post","type-post","status-publish","format-standard","has-post-thumbnail","","category-cinta-de-noticias","category-arabe-internacional-politica","category-noticias-arabe-internacional-politica","tag-iraq"],"_links":{"self":[{"href":"https:\/\/archive.sana.sy\/es\/index.php?rest_route=\/wp\/v2\/posts\/85867"}],"collection":[{"href":"https:\/\/archive.sana.sy\/es\/index.php?rest_route=\/wp\/v2\/posts"}],"about":[{"href":"https:\/\/archive.sana.sy\/es\/index.php?rest_route=\/wp\/v2\/types\/post"}],"author":[{"embeddable":true,"href":"https:\/\/archive.sana.sy\/es\/index.php?rest_route=\/wp\/v2\/users\/1"}],"replies":[{"embeddable":true,"href":"https:\/\/archive.sana.sy\/es\/index.php?rest_route=%2Fwp%2Fv2%2Fcomments&post=85867"}],"version-history":[{"count":0,"href":"https:\/\/archive.sana.sy\/es\/index.php?rest_route=\/wp\/v2\/posts\/85867\/revisions"}],"wp:featuredmedia":[{"embeddable":true,"href":"https:\/\/archive.sana.sy\/es\/index.php?rest_route=\/wp\/v2\/media\/85868"}],"wp:attachment":[{"href":"https:\/\/archive.sana.sy\/es\/index.php?rest_route=%2Fwp%2Fv2%2Fmedia&parent=85867"}],"wp:term":[{"taxonomy":"category","embeddable":true,"href":"https:\/\/archive.sana.sy\/es\/index.php?rest_route=%2Fwp%2Fv2%2Fcategories&post=85867"},{"taxonomy":"post_tag","embeddable":true,"href":"https:\/\/archive.sana.sy\/es\/index.php?rest_route=%2Fwp%2Fv2%2Ftags&post=85867"}],"curies":[{"name":"wp","href":"https:\/\/api.w.org\/{rel}","templated":true}]}}