{"id":85870,"date":"2018-07-20T14:36:18","date_gmt":"2018-07-20T11:36:18","guid":{"rendered":"http:\/\/www.sana.sy\/es\/?p=85870"},"modified":"2023-01-10T15:16:29","modified_gmt":"2023-01-10T13:16:29","slug":"siempre-juntos-un-mercado-de-caridad-en-sweida","status":"publish","type":"post","link":"https:\/\/archive.sana.sy\/es\/?p=85870","title":{"rendered":"(Siempre juntos)&#8230; Un mercado de caridad en Sweida"},"content":{"rendered":"<p><span style=\"color: #800000\">Sweida, SANA<\/span>&#8211; Productos con una variedad de materiales, alimentos, ropa, detergentes y juguetes a precios reducidos forman el primer mercado de la caridad para apoyar A LOS necesitados organizado por la Asociaci\u00f3n Manos Blancas en cooperaci\u00f3n con la C\u00e1mara de Comercio e Industria de Sweida bajo el t\u00edtulo (siempre juntos).<\/p>\n<p>\u201cEl mercado es una de las iniciativas m\u00e1s importantes que contribuyen a la comercializaci\u00f3n de productos de las mujeres rurales y proporcionar una oportunidad para que las personas que han sido entrenados para demostrar sus actividades y productos, adem\u00e1s de fortalecer la relaci\u00f3n con los eventos de negocios que apoyan a la solidaridad entre los miembros de la sociedad\u201d, dijo la directora de la asociaci\u00f3n Samira Saraya.<\/p>\n<p>La idea del mercado recibi\u00f3 una gran admiraci\u00f3n por los visitantes, que se\u00f1alaron la importancia de la asignaci\u00f3n de una gran parte a los productos alimenticios naturales y caseros y quiosco, adem\u00e1s de expresar su satisfacci\u00f3n con los productos proporcionados en t\u00e9rminos de tipo y precio.<\/p>\n<p>La Asociaci\u00f3n de Manos Blancas se estableci\u00f3 en la provincia de Swaida en 2014 y tiene como objetivo ayudar a los necesitados y establecer una serie de peque\u00f1os proyectos de desarrollo.<\/p>\n<p>&nbsp;<\/p>\n<p><a href=\"http:\/\/www.sana.sy\/es\/?attachment_id=85872\" rel=\"attachment wp-att-85872\"><img loading=\"lazy\" decoding=\"async\" class=\"alignnone size-medium wp-image-85872\" src=\"http:\/\/www.sana.sy\/es\/wp-content\/uploads\/2018\/07\/10-105-300x180-300x180.jpg\" alt=\"\" width=\"300\" height=\"180\" srcset=\"https:\/\/archive.sana.sy\/es\/wp-content\/uploads\/2018\/07\/10-105-300x180.jpg 300w, https:\/\/archive.sana.sy\/es\/wp-content\/uploads\/2018\/07\/10-105-300x180-150x90.jpg 150w\" sizes=\"(max-width: 300px) 100vw, 300px\" \/><\/a>\u00a0<a href=\"http:\/\/www.sana.sy\/es\/?attachment_id=85873\" rel=\"attachment wp-att-85873\"><img loading=\"lazy\" decoding=\"async\" class=\"alignnone size-medium wp-image-85873\" src=\"http:\/\/www.sana.sy\/es\/wp-content\/uploads\/2018\/07\/11-111-300x180-300x180.jpg\" alt=\"\" width=\"300\" height=\"180\" srcset=\"https:\/\/archive.sana.sy\/es\/wp-content\/uploads\/2018\/07\/11-111-300x180.jpg 300w, https:\/\/archive.sana.sy\/es\/wp-content\/uploads\/2018\/07\/11-111-300x180-150x90.jpg 150w\" sizes=\"(max-width: 300px) 100vw, 300px\" \/><\/a><\/p>\n<p>M\/Miri<\/p>\n","protected":false},"excerpt":{"rendered":"<p>Sweida, SANA&#8211; Productos con una variedad de materiales, alimentos, ropa, detergentes y juguetes a precios reducidos forman el primer mercado de la caridad para apoyar A LOS necesitados organizado por la Asociaci\u00f3n Manos Blancas en cooperaci\u00f3n con la C\u00e1mara de Comercio e Industria de Sweida bajo el t\u00edtulo (siempre juntos). \u201cEl mercado es una de &hellip;<\/p>\n","protected":false},"author":1,"featured_media":85871,"comment_status":"closed","ping_status":"closed","sticky":false,"template":"","format":"standard","meta":{"footnotes":""},"categories":[597,485,476],"tags":[8723],"class_list":["post-85870","post","type-post","status-publish","format-standard","has-post-thumbnail","","category-cinta-de-noticias","category-informes-negocios-y-finanzas","category-locales","tag-sweida"],"_links":{"self":[{"href":"https:\/\/archive.sana.sy\/es\/index.php?rest_route=\/wp\/v2\/posts\/85870"}],"collection":[{"href":"https:\/\/archive.sana.sy\/es\/index.php?rest_route=\/wp\/v2\/posts"}],"about":[{"href":"https:\/\/archive.sana.sy\/es\/index.php?rest_route=\/wp\/v2\/types\/post"}],"author":[{"embeddable":true,"href":"https:\/\/archive.sana.sy\/es\/index.php?rest_route=\/wp\/v2\/users\/1"}],"replies":[{"embeddable":true,"href":"https:\/\/archive.sana.sy\/es\/index.php?rest_route=%2Fwp%2Fv2%2Fcomments&post=85870"}],"version-history":[{"count":0,"href":"https:\/\/archive.sana.sy\/es\/index.php?rest_route=\/wp\/v2\/posts\/85870\/revisions"}],"wp:featuredmedia":[{"embeddable":true,"href":"https:\/\/archive.sana.sy\/es\/index.php?rest_route=\/wp\/v2\/media\/85871"}],"wp:attachment":[{"href":"https:\/\/archive.sana.sy\/es\/index.php?rest_route=%2Fwp%2Fv2%2Fmedia&parent=85870"}],"wp:term":[{"taxonomy":"category","embeddable":true,"href":"https:\/\/archive.sana.sy\/es\/index.php?rest_route=%2Fwp%2Fv2%2Fcategories&post=85870"},{"taxonomy":"post_tag","embeddable":true,"href":"https:\/\/archive.sana.sy\/es\/index.php?rest_route=%2Fwp%2Fv2%2Ftags&post=85870"}],"curies":[{"name":"wp","href":"https:\/\/api.w.org\/{rel}","templated":true}]}}