{"id":85875,"date":"2018-07-20T14:48:13","date_gmt":"2018-07-20T11:48:13","guid":{"rendered":"http:\/\/www.sana.sy\/es\/?p=85875"},"modified":"2018-07-20T14:48:13","modified_gmt":"2018-07-20T11:48:13","slug":"corredor-sirio-gana-el-10-lugar-en-el-maraton-de-montana-en-austria","status":"publish","type":"post","link":"https:\/\/archive.sana.sy\/es\/?p=85875","title":{"rendered":"Corredor sirio gana el 10 \u00b0 lugar en el marat\u00f3n de monta\u00f1a en Austria"},"content":{"rendered":"<p><span style=\"color: #800000\">Viena, SANA<\/span>&#8211; El expatriado sirio, Emad Barakat, ocup\u00f3 el 10 \u00b0 lugar en la marat\u00f3n de las tierras altas de Austria, que contaba con al participaci\u00f3n de 200 corredores de todo el mundo.<\/p>\n<p>Barakat dijo en una declaraci\u00f3n a SANA d: &#8220;Esta carrera se considera con la m\u00e1s peligrosa y dif\u00edcil en las carreras de monta\u00f1a debido a la dificultad de la escalada y correr en las zonas escarpadas se encuentra a unos 3.600 metros sobre el nivel del mar\u201d.<\/p>\n<p>Agreg\u00f3 que \u00e9l ha alcanzado la d\u00e9cima posici\u00f3n en la categor\u00eda de 50 a\u00f1os.<\/p>\n<p>Barakat a\u00f1adi\u00f3 que iz\u00f3 la bandera nacional siria en los Alpes y en todas las carreras en las que particip\u00f3, se\u00f1alando que durante la pr\u00f3xima etapa empezar\u00e1 una &#8220;gran aventura sin precedentes&#8221; titulada &#8220;Saludo, lealtad y orgullo para nuestro ej\u00e9rcito&#8221;.<\/p>\n<p><a href=\"http:\/\/www.sana.sy\/es\/?attachment_id=85876\" rel=\"attachment wp-att-85876\"><img loading=\"lazy\" decoding=\"async\" class=\"alignnone size-medium wp-image-85876\" src=\"http:\/\/www.sana.sy\/es\/wp-content\/uploads\/2018\/07\/\u0628\u0631\u0643\u0627\u062a-146x300-146x300.jpg\" alt=\"\" width=\"146\" height=\"300\" srcset=\"https:\/\/archive.sana.sy\/es\/wp-content\/uploads\/2018\/07\/\u0628\u0631\u0643\u0627\u062a-146x300.jpg 146w, https:\/\/archive.sana.sy\/es\/wp-content\/uploads\/2018\/07\/\u0628\u0631\u0643\u0627\u062a-146x300-73x150.jpg 73w\" sizes=\"(max-width: 146px) 100vw, 146px\" \/><\/a><\/p>\n<p>Su pr\u00f3xima aventura envuelve a correr continuamente desde Europa a Damasco por una distancia de 3700 km a trav\u00e9s de decenas de ciudades europeas que llevando la bandera siria.<\/p>\n<p>M\/Miri<\/p>\n","protected":false},"excerpt":{"rendered":"<p>Viena, SANA&#8211; El expatriado sirio, Emad Barakat, ocup\u00f3 el 10 \u00b0 lugar en la marat\u00f3n de las tierras altas de Austria, que contaba con al participaci\u00f3n de 200 corredores de todo el mundo. Barakat dijo en una declaraci\u00f3n a SANA d: &#8220;Esta carrera se considera con la m\u00e1s peligrosa y dif\u00edcil en las carreras de &hellip;<\/p>\n","protected":false},"author":1,"featured_media":85877,"comment_status":"closed","ping_status":"closed","sticky":false,"template":"","format":"standard","meta":{"footnotes":""},"categories":[597,494],"tags":[12270,12271],"class_list":["post-85875","post","type-post","status-publish","format-standard","has-post-thumbnail","","category-cinta-de-noticias","category-deportes","tag-el-expatriado-sirio","tag-emad-barakat"],"_links":{"self":[{"href":"https:\/\/archive.sana.sy\/es\/index.php?rest_route=\/wp\/v2\/posts\/85875"}],"collection":[{"href":"https:\/\/archive.sana.sy\/es\/index.php?rest_route=\/wp\/v2\/posts"}],"about":[{"href":"https:\/\/archive.sana.sy\/es\/index.php?rest_route=\/wp\/v2\/types\/post"}],"author":[{"embeddable":true,"href":"https:\/\/archive.sana.sy\/es\/index.php?rest_route=\/wp\/v2\/users\/1"}],"replies":[{"embeddable":true,"href":"https:\/\/archive.sana.sy\/es\/index.php?rest_route=%2Fwp%2Fv2%2Fcomments&post=85875"}],"version-history":[{"count":0,"href":"https:\/\/archive.sana.sy\/es\/index.php?rest_route=\/wp\/v2\/posts\/85875\/revisions"}],"wp:featuredmedia":[{"embeddable":true,"href":"https:\/\/archive.sana.sy\/es\/index.php?rest_route=\/wp\/v2\/media\/85877"}],"wp:attachment":[{"href":"https:\/\/archive.sana.sy\/es\/index.php?rest_route=%2Fwp%2Fv2%2Fmedia&parent=85875"}],"wp:term":[{"taxonomy":"category","embeddable":true,"href":"https:\/\/archive.sana.sy\/es\/index.php?rest_route=%2Fwp%2Fv2%2Fcategories&post=85875"},{"taxonomy":"post_tag","embeddable":true,"href":"https:\/\/archive.sana.sy\/es\/index.php?rest_route=%2Fwp%2Fv2%2Ftags&post=85875"}],"curies":[{"name":"wp","href":"https:\/\/api.w.org\/{rel}","templated":true}]}}