{"id":85930,"date":"2018-07-21T16:28:17","date_gmt":"2018-07-21T13:28:17","guid":{"rendered":"http:\/\/www.sana.sy\/es\/?p=85930"},"modified":"2018-07-21T16:27:51","modified_gmt":"2018-07-21T13:27:51","slug":"comienza-la-salida-de-los-autobuses-que-llevan-a-los-terroristas-desde-la-localidad-de-mahajja-en-deraa-hacia-el-norte-sirio","status":"publish","type":"post","link":"https:\/\/archive.sana.sy\/es\/?p=85930","title":{"rendered":"Finaliza la evacuaci\u00f3n de los terroristas desde la localidad de Mahajja en el campo de Deraa hacia el norte de Siria"},"content":{"rendered":"<p>&nbsp;<\/p>\n<p><span style=\"color: #800000;\">Deraa-SANA<\/span><\/p>\n<p>Unos 10 autobuses con 250 terroristas con familiares a bordo, que rechazan el acuerdo de limpiar la zona de la presencia armada, salieron de la localidad de Mahajja en la comarca norte\u00f1a hacia el norte de Siria.<\/p>\n<p>Las autoridades competentes trabajar\u00e1n para regularizar el estado jur\u00eddico de quienes lo desean, como un paso preliminar para que la vida vuelva a la normalidad y las instituciones del estado vuelvan a desempe\u00f1ar sus funciones<\/p>\n<p>Durante el proceso de evacuaci\u00f3n se adoptan todas las medidas adecuadas, donde se registran los autobuses minuciosamente para garantizar que no haya ninguna persona que quiera salir bajo presi\u00f3n y amenaza, inform\u00f3 el corresponsal de SANA.<\/p>\n<p>El pasado 15 de este mes, unos 10 autobuses salieron desde Deraa al Balad hacia el norte de Siria con 407 terroristas con sus familiares a bordo, y acompa\u00f1ados por veh\u00edculos de la Media Luna Roja siria.<\/p>\n<p>&nbsp;<\/p>\n<p><span style=\"color: #0000ff;\">Akram. S<\/span><\/p>\n","protected":false},"excerpt":{"rendered":"<p>&nbsp; Deraa-SANA Unos 10 autobuses con 250 terroristas con familiares a bordo, que rechazan el acuerdo de limpiar la zona de la presencia armada, salieron de la localidad de Mahajja en la comarca norte\u00f1a hacia el norte de Siria. Las autoridades competentes trabajar\u00e1n para regularizar el estado jur\u00eddico de quienes lo desean, como un paso &hellip;<\/p>\n","protected":false},"author":1,"featured_media":85931,"comment_status":"closed","ping_status":"closed","sticky":false,"template":"","format":"standard","meta":{"footnotes":""},"categories":[597,573,476,7541],"tags":[],"class_list":["post-85930","post","type-post","status-publish","format-standard","has-post-thumbnail","","category-cinta-de-noticias","category-la-realidad-de-los-acontecimientos-en-siria","category-locales","category-ultimas-noticias"],"_links":{"self":[{"href":"https:\/\/archive.sana.sy\/es\/index.php?rest_route=\/wp\/v2\/posts\/85930"}],"collection":[{"href":"https:\/\/archive.sana.sy\/es\/index.php?rest_route=\/wp\/v2\/posts"}],"about":[{"href":"https:\/\/archive.sana.sy\/es\/index.php?rest_route=\/wp\/v2\/types\/post"}],"author":[{"embeddable":true,"href":"https:\/\/archive.sana.sy\/es\/index.php?rest_route=\/wp\/v2\/users\/1"}],"replies":[{"embeddable":true,"href":"https:\/\/archive.sana.sy\/es\/index.php?rest_route=%2Fwp%2Fv2%2Fcomments&post=85930"}],"version-history":[{"count":0,"href":"https:\/\/archive.sana.sy\/es\/index.php?rest_route=\/wp\/v2\/posts\/85930\/revisions"}],"wp:featuredmedia":[{"embeddable":true,"href":"https:\/\/archive.sana.sy\/es\/index.php?rest_route=\/wp\/v2\/media\/85931"}],"wp:attachment":[{"href":"https:\/\/archive.sana.sy\/es\/index.php?rest_route=%2Fwp%2Fv2%2Fmedia&parent=85930"}],"wp:term":[{"taxonomy":"category","embeddable":true,"href":"https:\/\/archive.sana.sy\/es\/index.php?rest_route=%2Fwp%2Fv2%2Fcategories&post=85930"},{"taxonomy":"post_tag","embeddable":true,"href":"https:\/\/archive.sana.sy\/es\/index.php?rest_route=%2Fwp%2Fv2%2Ftags&post=85930"}],"curies":[{"name":"wp","href":"https:\/\/api.w.org\/{rel}","templated":true}]}}