{"id":85937,"date":"2018-07-21T15:34:18","date_gmt":"2018-07-21T12:34:18","guid":{"rendered":"http:\/\/www.sana.sy\/es\/?p=85937"},"modified":"2018-07-21T15:34:18","modified_gmt":"2018-07-21T12:34:18","slug":"el-atleta-sirio-majd-al-din-gazal-gana-una-medalla-de-bronce-en-el-salto-de-altura-en-monaco","status":"publish","type":"post","link":"https:\/\/archive.sana.sy\/es\/?p=85937","title":{"rendered":"El atleta sirio Majd al Din Gazal gana una medalla de bronce en el salto de altura en M\u00f3naco"},"content":{"rendered":"<p>&nbsp;<\/p>\n<p><span style=\"color: #800000;\">Par\u00eds-SANA<\/span><\/p>\n<p>El atleta sirio, Majd al Din Gazal, gan\u00f3 el tercer puesto y la medalla de bronce en las competiciones de salto de altura en M\u00f3naco, en el marco de la Liga Diamante de atletismo.<\/p>\n<p>Gazal gan\u00f3 el tercer puesto con un salto de 227 cm, mientras que el primer puesto lo gan\u00f3 un ruso con un salto de 240 cm, y el segundo puesto un chino con un salto de 230 cm.<\/p>\n<p>El jefe de la Federaci\u00f3n de Atletismo, Fayad Bakkur, dijo que el atleta Gazal pudo ganar los puntos clasificatorios para el \u00faltimo encuentro, en el marco de la Liga Diamante que se celebra en Bruselas.<\/p>\n<p>Bakkur se\u00f1al\u00f3 que esta participaci\u00f3n viene en preparaci\u00f3n para las competiciones asi\u00e1ticas que se celebrar\u00e1n en Indonesia el pr\u00f3ximo mes.<\/p>\n<p>&nbsp;<\/p>\n<p><span style=\"color: #0000ff;\">Akram. S<\/span><\/p>\n","protected":false},"excerpt":{"rendered":"<p>&nbsp; Par\u00eds-SANA El atleta sirio, Majd al Din Gazal, gan\u00f3 el tercer puesto y la medalla de bronce en las competiciones de salto de altura en M\u00f3naco, en el marco de la Liga Diamante de atletismo. Gazal gan\u00f3 el tercer puesto con un salto de 227 cm, mientras que el primer puesto lo gan\u00f3 un &hellip;<\/p>\n","protected":false},"author":1,"featured_media":85938,"comment_status":"closed","ping_status":"closed","sticky":false,"template":"","format":"standard","meta":{"footnotes":""},"categories":[597,494,7541],"tags":[],"class_list":["post-85937","post","type-post","status-publish","format-standard","has-post-thumbnail","","category-cinta-de-noticias","category-deportes","category-ultimas-noticias"],"_links":{"self":[{"href":"https:\/\/archive.sana.sy\/es\/index.php?rest_route=\/wp\/v2\/posts\/85937"}],"collection":[{"href":"https:\/\/archive.sana.sy\/es\/index.php?rest_route=\/wp\/v2\/posts"}],"about":[{"href":"https:\/\/archive.sana.sy\/es\/index.php?rest_route=\/wp\/v2\/types\/post"}],"author":[{"embeddable":true,"href":"https:\/\/archive.sana.sy\/es\/index.php?rest_route=\/wp\/v2\/users\/1"}],"replies":[{"embeddable":true,"href":"https:\/\/archive.sana.sy\/es\/index.php?rest_route=%2Fwp%2Fv2%2Fcomments&post=85937"}],"version-history":[{"count":0,"href":"https:\/\/archive.sana.sy\/es\/index.php?rest_route=\/wp\/v2\/posts\/85937\/revisions"}],"wp:featuredmedia":[{"embeddable":true,"href":"https:\/\/archive.sana.sy\/es\/index.php?rest_route=\/wp\/v2\/media\/85938"}],"wp:attachment":[{"href":"https:\/\/archive.sana.sy\/es\/index.php?rest_route=%2Fwp%2Fv2%2Fmedia&parent=85937"}],"wp:term":[{"taxonomy":"category","embeddable":true,"href":"https:\/\/archive.sana.sy\/es\/index.php?rest_route=%2Fwp%2Fv2%2Fcategories&post=85937"},{"taxonomy":"post_tag","embeddable":true,"href":"https:\/\/archive.sana.sy\/es\/index.php?rest_route=%2Fwp%2Fv2%2Ftags&post=85937"}],"curies":[{"name":"wp","href":"https:\/\/api.w.org\/{rel}","templated":true}]}}