{"id":85941,"date":"2018-07-21T16:12:47","date_gmt":"2018-07-21T13:12:47","guid":{"rendered":"http:\/\/www.sana.sy\/es\/?p=85941"},"modified":"2018-07-21T17:54:22","modified_gmt":"2018-07-21T14:54:22","slug":"continuan-las-competiciones-de-la-olimpiada-cientifica-internacional-de-la-biologia-en-teheran","status":"publish","type":"post","link":"https:\/\/archive.sana.sy\/es\/?p=85941","title":{"rendered":"Siria gana tres medallas de bronce en  la Olimpiada Cient\u00edfica Internacional de la biolog\u00eda en Teher\u00e1n"},"content":{"rendered":"<p>&nbsp;<\/p>\n<p><span style=\"color: #800000;\">Teher\u00e1n-SANA<\/span><\/p>\n<p>Los alumnos sirios participantes en las competiciones de la Olimpiada Cient\u00edfica Internacional de la biolog\u00eda en la capital iran\u00ed, Teher\u00e1n, ganaron tres medallas de bronce.<\/p>\n<p>El equipo sirio, formado por cuatro alumnos, particip\u00f3 en las competiciones de la olimpiada que se inici\u00f3 el pasado 15 de este mes con la participaci\u00f3n de 71 pa\u00edses.<\/p>\n<p>El jefe de la delegaci\u00f3n siria en la olimpiada, Dr. Darm Tabbah, dio una conferencia titulada \u201cla ense\u00f1anza de biolog\u00eda en las escuelas en un mundo complejo\u201d.<\/p>\n<p>Tabbah arroj\u00f3 luz sobre los temarios en Siria, y las bases adoptadas para poner criterios de los temarios, de forma que garanticen las necesidades de la sociedad siria en controlar el cambio clim\u00e1tico, la reubicaci\u00f3n humana, y la contaminaci\u00f3n con todas sus formas.<\/p>\n<p>&nbsp;<\/p>\n<p><span style=\"color: #0000ff;\">Akram. S<\/span><\/p>\n","protected":false},"excerpt":{"rendered":"<p>&nbsp; Teher\u00e1n-SANA Los alumnos sirios participantes en las competiciones de la Olimpiada Cient\u00edfica Internacional de la biolog\u00eda en la capital iran\u00ed, Teher\u00e1n, ganaron tres medallas de bronce. El equipo sirio, formado por cuatro alumnos, particip\u00f3 en las competiciones de la olimpiada que se inici\u00f3 el pasado 15 de este mes con la participaci\u00f3n de 71 &hellip;<\/p>\n","protected":false},"author":1,"featured_media":85965,"comment_status":"closed","ping_status":"closed","sticky":false,"template":"","format":"standard","meta":{"footnotes":""},"categories":[467,7541],"tags":[],"class_list":["post-85941","post","type-post","status-publish","format-standard","has-post-thumbnail","","category-siria-y-el-mundo","category-ultimas-noticias"],"_links":{"self":[{"href":"https:\/\/archive.sana.sy\/es\/index.php?rest_route=\/wp\/v2\/posts\/85941"}],"collection":[{"href":"https:\/\/archive.sana.sy\/es\/index.php?rest_route=\/wp\/v2\/posts"}],"about":[{"href":"https:\/\/archive.sana.sy\/es\/index.php?rest_route=\/wp\/v2\/types\/post"}],"author":[{"embeddable":true,"href":"https:\/\/archive.sana.sy\/es\/index.php?rest_route=\/wp\/v2\/users\/1"}],"replies":[{"embeddable":true,"href":"https:\/\/archive.sana.sy\/es\/index.php?rest_route=%2Fwp%2Fv2%2Fcomments&post=85941"}],"version-history":[{"count":0,"href":"https:\/\/archive.sana.sy\/es\/index.php?rest_route=\/wp\/v2\/posts\/85941\/revisions"}],"wp:featuredmedia":[{"embeddable":true,"href":"https:\/\/archive.sana.sy\/es\/index.php?rest_route=\/wp\/v2\/media\/85965"}],"wp:attachment":[{"href":"https:\/\/archive.sana.sy\/es\/index.php?rest_route=%2Fwp%2Fv2%2Fmedia&parent=85941"}],"wp:term":[{"taxonomy":"category","embeddable":true,"href":"https:\/\/archive.sana.sy\/es\/index.php?rest_route=%2Fwp%2Fv2%2Fcategories&post=85941"},{"taxonomy":"post_tag","embeddable":true,"href":"https:\/\/archive.sana.sy\/es\/index.php?rest_route=%2Fwp%2Fv2%2Ftags&post=85941"}],"curies":[{"name":"wp","href":"https:\/\/api.w.org\/{rel}","templated":true}]}}