{"id":86232,"date":"2018-07-27T14:17:12","date_gmt":"2018-07-27T11:17:12","guid":{"rendered":"https:\/\/www.sana.sy\/es\/?p=86232"},"modified":"2023-01-10T15:16:28","modified_gmt":"2023-01-10T13:16:28","slug":"46-paises-afirman-su-participacion-en-la-feria-internacional-de-damasco","status":"publish","type":"post","link":"https:\/\/archive.sana.sy\/es\/?p=86232","title":{"rendered":"46 pa\u00edses confirman su participaci\u00f3n en la Feria Internacional de Damasco"},"content":{"rendered":"<p><span style=\"color: #800000\">Damasco, SANA<\/span>&#8211; La sexag\u00e9sima edici\u00f3n de la Feria Internacional de Damasco contar\u00e1 con la participaci\u00f3n de 46 pa\u00edses \u00e1rabes y extranjeros, donde la superficie de espacios reservados llegaron a 90 mil metros cuadrados entre espacios construidos y abiertos, seg\u00fan dijo el director general del Establecimiento de Exposiciones, Fares Kartli.<\/p>\n<p>El recinto ferial incluye 6 grandes pabellones, 8 internacionales peque\u00f1os y 4 peque\u00f1os pabellones nacionales, adem\u00e1s del pabell\u00f3n nacional del mercado sirio con espacios abiertos.<\/p>\n<p>En cuanto a las medidas adoptadas para aliviar el tr\u00e1fico y facilitar la entrada de visitantes, Kartli dijo en una declaraci\u00f3n a SANA que se ha asignado 11 puertas en vez de 3, se\u00f1alando que la venta de entrada ser\u00e1 en Damasco, en determinados sitios, adem\u00e1s de la asignaci\u00f3n de un \u00e1rea de 33 mil metros cuadrados como un garaje para veh\u00edculos p\u00fablicos.<\/p>\n<p>La inauguraci\u00f3n de la Feria Internacional de Damasco, la sexag\u00e9sima edici\u00f3n de este a\u00f1o ser\u00e1 el seis de septiembre y durar\u00e1 \u00a0hasta el 15 del mismo mes.<\/p>\n<p>M\/Miri<\/p>\n","protected":false},"excerpt":{"rendered":"<p>Damasco, SANA&#8211; La sexag\u00e9sima edici\u00f3n de la Feria Internacional de Damasco contar\u00e1 con la participaci\u00f3n de 46 pa\u00edses \u00e1rabes y extranjeros, donde la superficie de espacios reservados llegaron a 90 mil metros cuadrados entre espacios construidos y abiertos, seg\u00fan dijo el director general del Establecimiento de Exposiciones, Fares Kartli. El recinto ferial incluye 6 grandes &hellip;<\/p>\n","protected":false},"author":1,"featured_media":86233,"comment_status":"closed","ping_status":"closed","sticky":false,"template":"","format":"standard","meta":{"footnotes":""},"categories":[597,485,583,7541],"tags":[10644],"class_list":["post-86232","post","type-post","status-publish","format-standard","has-post-thumbnail","","category-cinta-de-noticias","category-informes-negocios-y-finanzas","category-slide","category-ultimas-noticias","tag-feria-internacional-de-damasco"],"_links":{"self":[{"href":"https:\/\/archive.sana.sy\/es\/index.php?rest_route=\/wp\/v2\/posts\/86232"}],"collection":[{"href":"https:\/\/archive.sana.sy\/es\/index.php?rest_route=\/wp\/v2\/posts"}],"about":[{"href":"https:\/\/archive.sana.sy\/es\/index.php?rest_route=\/wp\/v2\/types\/post"}],"author":[{"embeddable":true,"href":"https:\/\/archive.sana.sy\/es\/index.php?rest_route=\/wp\/v2\/users\/1"}],"replies":[{"embeddable":true,"href":"https:\/\/archive.sana.sy\/es\/index.php?rest_route=%2Fwp%2Fv2%2Fcomments&post=86232"}],"version-history":[{"count":0,"href":"https:\/\/archive.sana.sy\/es\/index.php?rest_route=\/wp\/v2\/posts\/86232\/revisions"}],"wp:featuredmedia":[{"embeddable":true,"href":"https:\/\/archive.sana.sy\/es\/index.php?rest_route=\/wp\/v2\/media\/86233"}],"wp:attachment":[{"href":"https:\/\/archive.sana.sy\/es\/index.php?rest_route=%2Fwp%2Fv2%2Fmedia&parent=86232"}],"wp:term":[{"taxonomy":"category","embeddable":true,"href":"https:\/\/archive.sana.sy\/es\/index.php?rest_route=%2Fwp%2Fv2%2Fcategories&post=86232"},{"taxonomy":"post_tag","embeddable":true,"href":"https:\/\/archive.sana.sy\/es\/index.php?rest_route=%2Fwp%2Fv2%2Ftags&post=86232"}],"curies":[{"name":"wp","href":"https:\/\/api.w.org\/{rel}","templated":true}]}}