{"id":86235,"date":"2018-07-27T14:21:04","date_gmt":"2018-07-27T11:21:04","guid":{"rendered":"https:\/\/www.sana.sy\/es\/?p=86235"},"modified":"2018-07-27T17:21:56","modified_gmt":"2018-07-27T14:21:56","slug":"bandera-nacional-de-siria-ondea-en-la-plaza-al-tahrir-en-quneitra","status":"publish","type":"post","link":"https:\/\/archive.sana.sy\/es\/?p=86235","title":{"rendered":"Bandera nacional de Siria ondea en la plaza al-Tahrir \u00a0en \u00a0Quneitra"},"content":{"rendered":"<p><span style=\"color: #800000\">Quneitra, SANA<\/span>&#8211; La bandera nacional siria fue izada en la plaza al-Tahrir en la ciudad de Quneitra reci\u00e9n liberada del terrorismo el viernes.<\/p>\n<p>El corresponsal militar de SANA en Quneitra dijo que despu\u00e9s de que las unidades del ej\u00e9rcito \u00e1rabe sirio aseguraron la ciudad de Quneitra y acabaron con fin la presencia terrorista en la misma y terminar las operaciones de desminado, se iz\u00f3 hoy la bandera nacional en la plaza de al-Tahrir en la ciudad.<\/p>\n<p><a href=\"https:\/\/www.sana.sy\/es\/?attachment_id=86239\" rel=\"attachment wp-att-86239\"><img loading=\"lazy\" decoding=\"async\" class=\"alignnone size-medium wp-image-86239\" src=\"https:\/\/www.sana.sy\/es\/wp-content\/uploads\/2018\/07\/2-362-300x173-300x173.jpg\" alt=\"\" width=\"300\" height=\"173\" srcset=\"https:\/\/archive.sana.sy\/es\/wp-content\/uploads\/2018\/07\/2-362-300x173.jpg 300w, https:\/\/archive.sana.sy\/es\/wp-content\/uploads\/2018\/07\/2-362-300x173-150x87.jpg 150w\" sizes=\"(max-width: 300px) 100vw, 300px\" \/><\/a><\/p>\n<p>Al acto asistieron soldados del ej\u00e9rcito, las fuerzas armadas y grandes multitudes que expresaron su gran satisfacci\u00f3n por la entrada de unidades del ej\u00e9rcito \u00e1rabe sirio en la ciudad de Quneitra.<\/p>\n<p>El jueves pasado las unidades del ej\u00e9rcito entraron a la ciudad de Quneitra y comenzaron a extenderse en la ciudad tras acabar con los grupos terroristas.<\/p>\n<p>&nbsp;<\/p>\n<p><a href=\"https:\/\/www.sana.sy\/es\/?attachment_id=86240\" rel=\"attachment wp-att-86240\"><img loading=\"lazy\" decoding=\"async\" class=\"alignnone size-medium wp-image-86240\" src=\"https:\/\/www.sana.sy\/es\/wp-content\/uploads\/2018\/07\/5-180-300x209.jpg\" alt=\"\" width=\"300\" height=\"209\" srcset=\"https:\/\/archive.sana.sy\/es\/wp-content\/uploads\/2018\/07\/5-180-300x209.jpg 300w, https:\/\/archive.sana.sy\/es\/wp-content\/uploads\/2018\/07\/5-180-150x104.jpg 150w, https:\/\/archive.sana.sy\/es\/wp-content\/uploads\/2018\/07\/5-180.jpg 660w\" sizes=\"(max-width: 300px) 100vw, 300px\" \/><\/a><\/p>\n<p>&nbsp;<\/p>\n<p><a href=\"https:\/\/www.sana.sy\/es\/?attachment_id=86281\" rel=\"attachment wp-att-86281\"><img loading=\"lazy\" decoding=\"async\" class=\"alignnone size-medium wp-image-86281\" src=\"https:\/\/www.sana.sy\/es\/wp-content\/uploads\/2018\/07\/00-24-768x541-300x211.jpg\" alt=\"\" width=\"300\" height=\"211\" srcset=\"https:\/\/archive.sana.sy\/es\/wp-content\/uploads\/2018\/07\/00-24-768x541-300x211.jpg 300w, https:\/\/archive.sana.sy\/es\/wp-content\/uploads\/2018\/07\/00-24-768x541-150x106.jpg 150w, https:\/\/archive.sana.sy\/es\/wp-content\/uploads\/2018\/07\/00-24-768x541.jpg 768w\" sizes=\"(max-width: 300px) 100vw, 300px\" \/><\/a><\/p>\n<p>&nbsp;<\/p>\n<p><a href=\"https:\/\/www.sana.sy\/es\/?attachment_id=86282\" rel=\"attachment wp-att-86282\"><img loading=\"lazy\" decoding=\"async\" class=\"alignnone size-medium wp-image-86282\" src=\"https:\/\/www.sana.sy\/es\/wp-content\/uploads\/2018\/07\/0-99-768x535-300x209.jpg\" alt=\"\" width=\"300\" height=\"209\" srcset=\"https:\/\/archive.sana.sy\/es\/wp-content\/uploads\/2018\/07\/0-99-768x535-300x209.jpg 300w, https:\/\/archive.sana.sy\/es\/wp-content\/uploads\/2018\/07\/0-99-768x535-150x104.jpg 150w, https:\/\/archive.sana.sy\/es\/wp-content\/uploads\/2018\/07\/0-99-768x535.jpg 768w\" sizes=\"(max-width: 300px) 100vw, 300px\" \/><\/a><\/p>\n<p>&nbsp;<\/p>\n<p><a href=\"https:\/\/www.sana.sy\/es\/?attachment_id=86283\" rel=\"attachment wp-att-86283\"><img loading=\"lazy\" decoding=\"async\" class=\"alignnone size-medium wp-image-86283\" src=\"https:\/\/www.sana.sy\/es\/wp-content\/uploads\/2018\/07\/888-3-768x537-300x210.jpg\" alt=\"\" width=\"300\" height=\"210\" srcset=\"https:\/\/archive.sana.sy\/es\/wp-content\/uploads\/2018\/07\/888-3-768x537-300x210.jpg 300w, https:\/\/archive.sana.sy\/es\/wp-content\/uploads\/2018\/07\/888-3-768x537-150x105.jpg 150w, https:\/\/archive.sana.sy\/es\/wp-content\/uploads\/2018\/07\/888-3-768x537.jpg 768w\" sizes=\"(max-width: 300px) 100vw, 300px\" \/><\/a><\/p>\n<p>&nbsp;<\/p>\n<p>M\/Miri<\/p>\n","protected":false},"excerpt":{"rendered":"<p>Quneitra, SANA&#8211; La bandera nacional siria fue izada en la plaza al-Tahrir en la ciudad de Quneitra reci\u00e9n liberada del terrorismo el viernes. El corresponsal militar de SANA en Quneitra dijo que despu\u00e9s de que las unidades del ej\u00e9rcito \u00e1rabe sirio aseguraron la ciudad de Quneitra y acabaron con fin la presencia terrorista en la &hellip;<\/p>\n","protected":false},"author":1,"featured_media":86280,"comment_status":"closed","ping_status":"closed","sticky":false,"template":"","format":"standard","meta":{"footnotes":""},"categories":[597,573,583],"tags":[7173],"class_list":["post-86235","post","type-post","status-publish","format-standard","has-post-thumbnail","","category-cinta-de-noticias","category-la-realidad-de-los-acontecimientos-en-siria","category-slide","tag-quneitra"],"_links":{"self":[{"href":"https:\/\/archive.sana.sy\/es\/index.php?rest_route=\/wp\/v2\/posts\/86235"}],"collection":[{"href":"https:\/\/archive.sana.sy\/es\/index.php?rest_route=\/wp\/v2\/posts"}],"about":[{"href":"https:\/\/archive.sana.sy\/es\/index.php?rest_route=\/wp\/v2\/types\/post"}],"author":[{"embeddable":true,"href":"https:\/\/archive.sana.sy\/es\/index.php?rest_route=\/wp\/v2\/users\/1"}],"replies":[{"embeddable":true,"href":"https:\/\/archive.sana.sy\/es\/index.php?rest_route=%2Fwp%2Fv2%2Fcomments&post=86235"}],"version-history":[{"count":0,"href":"https:\/\/archive.sana.sy\/es\/index.php?rest_route=\/wp\/v2\/posts\/86235\/revisions"}],"wp:featuredmedia":[{"embeddable":true,"href":"https:\/\/archive.sana.sy\/es\/index.php?rest_route=\/wp\/v2\/media\/86280"}],"wp:attachment":[{"href":"https:\/\/archive.sana.sy\/es\/index.php?rest_route=%2Fwp%2Fv2%2Fmedia&parent=86235"}],"wp:term":[{"taxonomy":"category","embeddable":true,"href":"https:\/\/archive.sana.sy\/es\/index.php?rest_route=%2Fwp%2Fv2%2Fcategories&post=86235"},{"taxonomy":"post_tag","embeddable":true,"href":"https:\/\/archive.sana.sy\/es\/index.php?rest_route=%2Fwp%2Fv2%2Ftags&post=86235"}],"curies":[{"name":"wp","href":"https:\/\/api.w.org\/{rel}","templated":true}]}}