{"id":86242,"date":"2018-07-27T14:32:35","date_gmt":"2018-07-27T11:32:35","guid":{"rendered":"https:\/\/www.sana.sy\/es\/?p=86242"},"modified":"2018-07-27T14:32:35","modified_gmt":"2018-07-27T11:32:35","slug":"nuevo-plan-israeli-para-construir-400-unidades-de-asentamiento-al-este-de-ramallah","status":"publish","type":"post","link":"https:\/\/archive.sana.sy\/es\/?p=86242","title":{"rendered":"Nuevo plan israel\u00ed para construir 400 unidades de asentamiento al este de Ramallah"},"content":{"rendered":"<p><span style=\"color: #800000\">Jerusal\u00e9n Ocupada, SANA<\/span>&#8211; Las autoridades de ocupaci\u00f3n israel\u00edes aprobaron un nuevo plan para el establecimiento de 400 unidades de asentamiento al sureste de Ramallah, en Cisjordania.<\/p>\n<p>El ministro israel\u00ed de Defensa, Avigdor Lieberman, decidi\u00f3 aprobar la expansi\u00f3n del asentamiento de Adam en tierras palestinas al sureste de Ramala mediante el establecimiento de 400 nuevas unidades de asentamiento, inform\u00f3 la agencia palestina de noticias Ma&#8217;an.<\/p>\n<p>Antes, las autoridades de ocupaci\u00f3n anunciaron un plan para establecer 270 unidades de asentamiento al sudeste de Bel\u00e9n, en Cisjordania.<\/p>\n<p>Las autoridades de ocupaci\u00f3n israel\u00edes ocupan tierras palestinas para expandir los asentamientos en el marco de sus planes agresivos para desplazar a los palestinos, ignorando las resoluciones internacionales que afirman la ilegalidad de los asentamientos en los territorios palestinos ocupados.<\/p>\n<p>M\/Miri<\/p>\n","protected":false},"excerpt":{"rendered":"<p>Jerusal\u00e9n Ocupada, SANA&#8211; Las autoridades de ocupaci\u00f3n israel\u00edes aprobaron un nuevo plan para el establecimiento de 400 unidades de asentamiento al sureste de Ramallah, en Cisjordania. El ministro israel\u00ed de Defensa, Avigdor Lieberman, decidi\u00f3 aprobar la expansi\u00f3n del asentamiento de Adam en tierras palestinas al sureste de Ramala mediante el establecimiento de 400 nuevas unidades &hellip;<\/p>\n","protected":false},"author":1,"featured_media":86243,"comment_status":"closed","ping_status":"closed","sticky":false,"template":"","format":"standard","meta":{"footnotes":""},"categories":[597,456,457,7541],"tags":[1494],"class_list":["post-86242","post","type-post","status-publish","format-standard","has-post-thumbnail","","category-cinta-de-noticias","category-arabe-internacional-politica","category-noticias-arabe-internacional-politica","category-ultimas-noticias","tag-palestina"],"_links":{"self":[{"href":"https:\/\/archive.sana.sy\/es\/index.php?rest_route=\/wp\/v2\/posts\/86242"}],"collection":[{"href":"https:\/\/archive.sana.sy\/es\/index.php?rest_route=\/wp\/v2\/posts"}],"about":[{"href":"https:\/\/archive.sana.sy\/es\/index.php?rest_route=\/wp\/v2\/types\/post"}],"author":[{"embeddable":true,"href":"https:\/\/archive.sana.sy\/es\/index.php?rest_route=\/wp\/v2\/users\/1"}],"replies":[{"embeddable":true,"href":"https:\/\/archive.sana.sy\/es\/index.php?rest_route=%2Fwp%2Fv2%2Fcomments&post=86242"}],"version-history":[{"count":0,"href":"https:\/\/archive.sana.sy\/es\/index.php?rest_route=\/wp\/v2\/posts\/86242\/revisions"}],"wp:featuredmedia":[{"embeddable":true,"href":"https:\/\/archive.sana.sy\/es\/index.php?rest_route=\/wp\/v2\/media\/86243"}],"wp:attachment":[{"href":"https:\/\/archive.sana.sy\/es\/index.php?rest_route=%2Fwp%2Fv2%2Fmedia&parent=86242"}],"wp:term":[{"taxonomy":"category","embeddable":true,"href":"https:\/\/archive.sana.sy\/es\/index.php?rest_route=%2Fwp%2Fv2%2Fcategories&post=86242"},{"taxonomy":"post_tag","embeddable":true,"href":"https:\/\/archive.sana.sy\/es\/index.php?rest_route=%2Fwp%2Fv2%2Ftags&post=86242"}],"curies":[{"name":"wp","href":"https:\/\/api.w.org\/{rel}","templated":true}]}}