{"id":86386,"date":"2018-07-29T17:54:43","date_gmt":"2018-07-29T14:54:43","guid":{"rendered":"https:\/\/www.sana.sy\/es\/?p=86386"},"modified":"2018-07-29T17:54:43","modified_gmt":"2018-07-29T14:54:43","slug":"zarif-las-sanciones-estadounidenses-sobre-iran-han-perdido-su-legitimidad","status":"publish","type":"post","link":"https:\/\/archive.sana.sy\/es\/?p=86386","title":{"rendered":"Zarif: las sanciones estadounidenses sobre Ir\u00e1n han perdido su legitimidad"},"content":{"rendered":"<p>Teher\u00e1n, SANA<\/p>\n<p>El canciller iran\u00ed Mohamed Yavad Zarifo afirm\u00f3 que las sanciones estadounidenses a Ir\u00e1n han perdido su legitimidad y por consiguiente los dem\u00e1s pa\u00edses del mundo ya han dejado de lado su compromiso con las mismas.<\/p>\n<p>En un encuentro con diplom\u00e1ticos iran\u00edes que trabajan en el exterior, Zarif dijo que varios pa\u00edses compart\u00edan con EE.UU. sanciones contra Ir\u00e1n y por consiguiente se adoptan sanciones por el Consejo de Seguridad, pero hoy la situaci\u00f3n ha cambiado y las sanciones estadounidenses han perdido su legitimidad porque los estadounidenses no tienen justificaciones, adem\u00e1s intentan obligar a los dem\u00e1s a aplicar sus sanciones lo cual va en contra de la resoluci\u00f3n 2231 del Consejo de Seguridad.<\/p>\n<p>R.Sh-Y.K.<\/p>\n","protected":false},"excerpt":{"rendered":"<p>Teher\u00e1n, SANA El canciller iran\u00ed Mohamed Yavad Zarifo afirm\u00f3 que las sanciones estadounidenses a Ir\u00e1n han perdido su legitimidad y por consiguiente los dem\u00e1s pa\u00edses del mundo ya han dejado de lado su compromiso con las mismas. En un encuentro con diplom\u00e1ticos iran\u00edes que trabajan en el exterior, Zarif dijo que varios pa\u00edses compart\u00edan con &hellip;<\/p>\n","protected":false},"author":1,"featured_media":85733,"comment_status":"closed","ping_status":"closed","sticky":false,"template":"","format":"standard","meta":{"footnotes":""},"categories":[456,7541],"tags":[],"class_list":["post-86386","post","type-post","status-publish","format-standard","has-post-thumbnail","","category-arabe-internacional-politica","category-ultimas-noticias"],"_links":{"self":[{"href":"https:\/\/archive.sana.sy\/es\/index.php?rest_route=\/wp\/v2\/posts\/86386"}],"collection":[{"href":"https:\/\/archive.sana.sy\/es\/index.php?rest_route=\/wp\/v2\/posts"}],"about":[{"href":"https:\/\/archive.sana.sy\/es\/index.php?rest_route=\/wp\/v2\/types\/post"}],"author":[{"embeddable":true,"href":"https:\/\/archive.sana.sy\/es\/index.php?rest_route=\/wp\/v2\/users\/1"}],"replies":[{"embeddable":true,"href":"https:\/\/archive.sana.sy\/es\/index.php?rest_route=%2Fwp%2Fv2%2Fcomments&post=86386"}],"version-history":[{"count":0,"href":"https:\/\/archive.sana.sy\/es\/index.php?rest_route=\/wp\/v2\/posts\/86386\/revisions"}],"wp:featuredmedia":[{"embeddable":true,"href":"https:\/\/archive.sana.sy\/es\/index.php?rest_route=\/wp\/v2\/media\/85733"}],"wp:attachment":[{"href":"https:\/\/archive.sana.sy\/es\/index.php?rest_route=%2Fwp%2Fv2%2Fmedia&parent=86386"}],"wp:term":[{"taxonomy":"category","embeddable":true,"href":"https:\/\/archive.sana.sy\/es\/index.php?rest_route=%2Fwp%2Fv2%2Fcategories&post=86386"},{"taxonomy":"post_tag","embeddable":true,"href":"https:\/\/archive.sana.sy\/es\/index.php?rest_route=%2Fwp%2Fv2%2Ftags&post=86386"}],"curies":[{"name":"wp","href":"https:\/\/api.w.org\/{rel}","templated":true}]}}