{"id":86388,"date":"2018-07-29T17:56:45","date_gmt":"2018-07-29T14:56:45","guid":{"rendered":"https:\/\/www.sana.sy\/es\/?p=86388"},"modified":"2023-01-10T15:16:27","modified_gmt":"2023-01-10T13:16:27","slug":"rehabilitada-la-red-electrica-en-los-poblados-y-localidades-del-campo-norte-de-hama","status":"publish","type":"post","link":"https:\/\/archive.sana.sy\/es\/?p=86388","title":{"rendered":"Rehabilitada la red el\u00e9ctrica en los poblados y localidades del campo norte de Hama"},"content":{"rendered":"<p>Hama, SANA<\/p>\n<p>La Empresa P\u00fablica de la Electricidad de Hama ha rehabilitado la red el\u00e9ctrica en un n\u00famero de localidades del campo norte de Hama que fueron saboteadas por los grupos terroristas.<\/p>\n<p>El director de la empresa, Ing. Mohamed al-Reedi, puso de relieve que la empresa instal\u00f3 24 transformadores de variada potencia y han sido puestos en servicio en las localidades de Soran, Tebet el-Imam, Maan, Meardes, al-Abadi, Hobi, Iskandariya, Kabariya y Bayira.<\/p>\n<p>Al-Reedi agreg\u00f3 que han sido rehabilitados 25 km de l\u00edneas de mediana tensi\u00f3n y otros 75 km de l\u00edneas de baja tensi\u00f3n para llevar el servicio el\u00e9ctrico a m\u00e1s de 10 mil viviendas y granjas, entre otras obras.<\/p>\n<p>R.Sh-Y.K.<\/p>\n","protected":false},"excerpt":{"rendered":"<p>Hama, SANA La Empresa P\u00fablica de la Electricidad de Hama ha rehabilitado la red el\u00e9ctrica en un n\u00famero de localidades del campo norte de Hama que fueron saboteadas por los grupos terroristas. El director de la empresa, Ing. Mohamed al-Reedi, puso de relieve que la empresa instal\u00f3 24 transformadores de variada potencia y han sido &hellip;<\/p>\n","protected":false},"author":1,"featured_media":86389,"comment_status":"closed","ping_status":"closed","sticky":false,"template":"","format":"standard","meta":{"footnotes":""},"categories":[485,476,7541],"tags":[],"class_list":["post-86388","post","type-post","status-publish","format-standard","has-post-thumbnail","","category-informes-negocios-y-finanzas","category-locales","category-ultimas-noticias"],"_links":{"self":[{"href":"https:\/\/archive.sana.sy\/es\/index.php?rest_route=\/wp\/v2\/posts\/86388"}],"collection":[{"href":"https:\/\/archive.sana.sy\/es\/index.php?rest_route=\/wp\/v2\/posts"}],"about":[{"href":"https:\/\/archive.sana.sy\/es\/index.php?rest_route=\/wp\/v2\/types\/post"}],"author":[{"embeddable":true,"href":"https:\/\/archive.sana.sy\/es\/index.php?rest_route=\/wp\/v2\/users\/1"}],"replies":[{"embeddable":true,"href":"https:\/\/archive.sana.sy\/es\/index.php?rest_route=%2Fwp%2Fv2%2Fcomments&post=86388"}],"version-history":[{"count":0,"href":"https:\/\/archive.sana.sy\/es\/index.php?rest_route=\/wp\/v2\/posts\/86388\/revisions"}],"wp:featuredmedia":[{"embeddable":true,"href":"https:\/\/archive.sana.sy\/es\/index.php?rest_route=\/wp\/v2\/media\/86389"}],"wp:attachment":[{"href":"https:\/\/archive.sana.sy\/es\/index.php?rest_route=%2Fwp%2Fv2%2Fmedia&parent=86388"}],"wp:term":[{"taxonomy":"category","embeddable":true,"href":"https:\/\/archive.sana.sy\/es\/index.php?rest_route=%2Fwp%2Fv2%2Fcategories&post=86388"},{"taxonomy":"post_tag","embeddable":true,"href":"https:\/\/archive.sana.sy\/es\/index.php?rest_route=%2Fwp%2Fv2%2Ftags&post=86388"}],"curies":[{"name":"wp","href":"https:\/\/api.w.org\/{rel}","templated":true}]}}