{"id":86391,"date":"2018-07-29T17:58:02","date_gmt":"2018-07-29T14:58:02","guid":{"rendered":"https:\/\/www.sana.sy\/es\/?p=86391"},"modified":"2018-07-29T17:58:02","modified_gmt":"2018-07-29T14:58:02","slug":"arsalan-los-atentados-terroristas-en-suwaida-fueron-por-ordenes-estadounidenses","status":"publish","type":"post","link":"https:\/\/archive.sana.sy\/es\/?p=86391","title":{"rendered":"Arsalan: los atentados terroristas en Suwaida fueron por \u00f3rdenes estadounidenses"},"content":{"rendered":"<p>Beirut, SANA<\/p>\n<p>El jefe del partido democr\u00e1tico liban\u00e9s, el diputado Talal Arsalan, afirm\u00f3 que los atentados terroristas que lleva a cabo la organizaci\u00f3n Daesh en el sur de Siria son por orden operativa estadounidense.<\/p>\n<p>En una pl\u00e1tica televisiva, Arsal\u00e1n dijo que elementos del Daesh partieron de posiciones pr\u00f3ximas a las tropas estadounidenses para efectuar el ataque sobre la provincia de Suwaida recalcando que todas las organizaciones terroristas han sido derrotadas y expiran sus \u00faltimos alientos en Siria.<\/p>\n<p>Arsal\u00e1n detall\u00f3 que el objetivo b\u00e1sico de Washington detr\u00e1s de su presencia militar en Siria es proteger al ente israel\u00ed pero su plan fracas\u00f3.<\/p>\n<p>&nbsp;<\/p>\n<p>R,Sh.-Y.K<\/p>\n","protected":false},"excerpt":{"rendered":"<p>Beirut, SANA El jefe del partido democr\u00e1tico liban\u00e9s, el diputado Talal Arsalan, afirm\u00f3 que los atentados terroristas que lleva a cabo la organizaci\u00f3n Daesh en el sur de Siria son por orden operativa estadounidense. En una pl\u00e1tica televisiva, Arsal\u00e1n dijo que elementos del Daesh partieron de posiciones pr\u00f3ximas a las tropas estadounidenses para efectuar el &hellip;<\/p>\n","protected":false},"author":1,"featured_media":86392,"comment_status":"closed","ping_status":"closed","sticky":false,"template":"","format":"standard","meta":{"footnotes":""},"categories":[467,7541],"tags":[],"class_list":["post-86391","post","type-post","status-publish","format-standard","has-post-thumbnail","","category-siria-y-el-mundo","category-ultimas-noticias"],"_links":{"self":[{"href":"https:\/\/archive.sana.sy\/es\/index.php?rest_route=\/wp\/v2\/posts\/86391"}],"collection":[{"href":"https:\/\/archive.sana.sy\/es\/index.php?rest_route=\/wp\/v2\/posts"}],"about":[{"href":"https:\/\/archive.sana.sy\/es\/index.php?rest_route=\/wp\/v2\/types\/post"}],"author":[{"embeddable":true,"href":"https:\/\/archive.sana.sy\/es\/index.php?rest_route=\/wp\/v2\/users\/1"}],"replies":[{"embeddable":true,"href":"https:\/\/archive.sana.sy\/es\/index.php?rest_route=%2Fwp%2Fv2%2Fcomments&post=86391"}],"version-history":[{"count":0,"href":"https:\/\/archive.sana.sy\/es\/index.php?rest_route=\/wp\/v2\/posts\/86391\/revisions"}],"wp:featuredmedia":[{"embeddable":true,"href":"https:\/\/archive.sana.sy\/es\/index.php?rest_route=\/wp\/v2\/media\/86392"}],"wp:attachment":[{"href":"https:\/\/archive.sana.sy\/es\/index.php?rest_route=%2Fwp%2Fv2%2Fmedia&parent=86391"}],"wp:term":[{"taxonomy":"category","embeddable":true,"href":"https:\/\/archive.sana.sy\/es\/index.php?rest_route=%2Fwp%2Fv2%2Fcategories&post=86391"},{"taxonomy":"post_tag","embeddable":true,"href":"https:\/\/archive.sana.sy\/es\/index.php?rest_route=%2Fwp%2Fv2%2Ftags&post=86391"}],"curies":[{"name":"wp","href":"https:\/\/api.w.org\/{rel}","templated":true}]}}