{"id":86442,"date":"2018-07-30T13:46:22","date_gmt":"2018-07-30T10:46:22","guid":{"rendered":"https:\/\/www.sana.sy\/es\/?p=86442"},"modified":"2018-07-30T13:46:22","modified_gmt":"2018-07-30T10:46:22","slug":"pobladores-de-messefrah-en-deraa-manifiestan-su-apoyo-al-ejercito-sirio","status":"publish","type":"post","link":"https:\/\/archive.sana.sy\/es\/?p=86442","title":{"rendered":"Pobladores de Messefrah en Deraa manifiestan su apoyo al ej\u00e9rcito sirio"},"content":{"rendered":"<p><span style=\"color: #800000;\">Deraa, SANA<\/span><\/p>\n<p>Cientos de ciudadanos de la localidad de Messefrah en el campo de la provincia sure\u00f1a de Deraa, protagonizaron una concentraci\u00f3n para manifestar su apoyo al Ej\u00e9rcito \u00c1rabe Sirio en su lucha contra el terrorismo, y en respaldo al proceso de reconciliaci\u00f3n.<\/p>\n<p>Los congregados levantaron banderas nacionales y fotos del presidente Bashar Al-Assad durante una ceremonia que se efectu\u00f3 en la plaza del pueblo, donde corearon consignas y cantos patri\u00f3ticos que muestran su felicidad por el restablecimiento de la seguridad en el campo de Deraa.<\/p>\n<p>El ej\u00e9rcito sirio liber\u00f3 casi el 98% de la superficie de la provincia de Deraa de las bandas terroristas del Frente Al-Nousra.<\/p>\n<p><span style=\"color: #0000ff;\">F. Marouf\/ Dr. A. Shaban<\/span><\/p>\n","protected":false},"excerpt":{"rendered":"<p>Deraa, SANA Cientos de ciudadanos de la localidad de Messefrah en el campo de la provincia sure\u00f1a de Deraa, protagonizaron una concentraci\u00f3n para manifestar su apoyo al Ej\u00e9rcito \u00c1rabe Sirio en su lucha contra el terrorismo, y en respaldo al proceso de reconciliaci\u00f3n. Los congregados levantaron banderas nacionales y fotos del presidente Bashar Al-Assad durante &hellip;<\/p>\n","protected":false},"author":1,"featured_media":86443,"comment_status":"closed","ping_status":"closed","sticky":false,"template":"","format":"standard","meta":{"footnotes":""},"categories":[597,573,476,7541],"tags":[12328],"class_list":["post-86442","post","type-post","status-publish","format-standard","has-post-thumbnail","","category-cinta-de-noticias","category-la-realidad-de-los-acontecimientos-en-siria","category-locales","category-ultimas-noticias","tag-pobladores-de-messefrah-en-deraa-manifiestan-su-apoyo-al-ejercito-sirio"],"_links":{"self":[{"href":"https:\/\/archive.sana.sy\/es\/index.php?rest_route=\/wp\/v2\/posts\/86442"}],"collection":[{"href":"https:\/\/archive.sana.sy\/es\/index.php?rest_route=\/wp\/v2\/posts"}],"about":[{"href":"https:\/\/archive.sana.sy\/es\/index.php?rest_route=\/wp\/v2\/types\/post"}],"author":[{"embeddable":true,"href":"https:\/\/archive.sana.sy\/es\/index.php?rest_route=\/wp\/v2\/users\/1"}],"replies":[{"embeddable":true,"href":"https:\/\/archive.sana.sy\/es\/index.php?rest_route=%2Fwp%2Fv2%2Fcomments&post=86442"}],"version-history":[{"count":0,"href":"https:\/\/archive.sana.sy\/es\/index.php?rest_route=\/wp\/v2\/posts\/86442\/revisions"}],"wp:featuredmedia":[{"embeddable":true,"href":"https:\/\/archive.sana.sy\/es\/index.php?rest_route=\/wp\/v2\/media\/86443"}],"wp:attachment":[{"href":"https:\/\/archive.sana.sy\/es\/index.php?rest_route=%2Fwp%2Fv2%2Fmedia&parent=86442"}],"wp:term":[{"taxonomy":"category","embeddable":true,"href":"https:\/\/archive.sana.sy\/es\/index.php?rest_route=%2Fwp%2Fv2%2Fcategories&post=86442"},{"taxonomy":"post_tag","embeddable":true,"href":"https:\/\/archive.sana.sy\/es\/index.php?rest_route=%2Fwp%2Fv2%2Ftags&post=86442"}],"curies":[{"name":"wp","href":"https:\/\/api.w.org\/{rel}","templated":true}]}}