{"id":86448,"date":"2018-07-30T17:52:32","date_gmt":"2018-07-30T14:52:32","guid":{"rendered":"https:\/\/www.sana.sy\/es\/?p=86448"},"modified":"2018-07-30T17:52:32","modified_gmt":"2018-07-30T14:52:32","slug":"bibilov-osetia-del-sur-busca-desarrollar-las-relaciones-con-siria","status":"publish","type":"post","link":"https:\/\/archive.sana.sy\/es\/?p=86448","title":{"rendered":"Bibilov: Osetia del Sur busca desarrollar las relaciones con Siria"},"content":{"rendered":"<p>Chreba-SANA<\/p>\n<p>El presidente de Osetia del Sur Anatoly Bibilov afirm\u00f3 que su pa\u00eds opta por desarrollar las relaciones con Siria.<br \/>\nEn una conferencia de prensa el domingo celebrada en la ciudad de Chreba, Bibilov expres\u00f3 el deseo de su pa\u00eds de construir relaciones amistosas con Siria.<\/p>\n<p>Se\u00f1al\u00f3 que la llegada de empresarios de Osetia del Sur a Damasco constituye el primer paso en la implementaci\u00f3n de los acuerdos firmados entre los dos pa\u00edses.<\/p>\n<p>Hablando sobre la guerra en Siria, Bibilov se\u00f1al\u00f3 que la guerra contra el terrorismo internacional en Siria ha llegado a su fin ya que la mayor parte de su territorio ha sido liberado, lo que significa que la situaci\u00f3n avanza hacia una mayor estabilidad.<\/p>\n<p>Y.K.<\/p>\n","protected":false},"excerpt":{"rendered":"<p>Chreba-SANA El presidente de Osetia del Sur Anatoly Bibilov afirm\u00f3 que su pa\u00eds opta por desarrollar las relaciones con Siria. En una conferencia de prensa el domingo celebrada en la ciudad de Chreba, Bibilov expres\u00f3 el deseo de su pa\u00eds de construir relaciones amistosas con Siria. Se\u00f1al\u00f3 que la llegada de empresarios de Osetia del &hellip;<\/p>\n","protected":false},"author":1,"featured_media":86449,"comment_status":"closed","ping_status":"closed","sticky":false,"template":"","format":"standard","meta":{"footnotes":""},"categories":[467,7541],"tags":[],"class_list":["post-86448","post","type-post","status-publish","format-standard","has-post-thumbnail","","category-siria-y-el-mundo","category-ultimas-noticias"],"_links":{"self":[{"href":"https:\/\/archive.sana.sy\/es\/index.php?rest_route=\/wp\/v2\/posts\/86448"}],"collection":[{"href":"https:\/\/archive.sana.sy\/es\/index.php?rest_route=\/wp\/v2\/posts"}],"about":[{"href":"https:\/\/archive.sana.sy\/es\/index.php?rest_route=\/wp\/v2\/types\/post"}],"author":[{"embeddable":true,"href":"https:\/\/archive.sana.sy\/es\/index.php?rest_route=\/wp\/v2\/users\/1"}],"replies":[{"embeddable":true,"href":"https:\/\/archive.sana.sy\/es\/index.php?rest_route=%2Fwp%2Fv2%2Fcomments&post=86448"}],"version-history":[{"count":0,"href":"https:\/\/archive.sana.sy\/es\/index.php?rest_route=\/wp\/v2\/posts\/86448\/revisions"}],"wp:featuredmedia":[{"embeddable":true,"href":"https:\/\/archive.sana.sy\/es\/index.php?rest_route=\/wp\/v2\/media\/86449"}],"wp:attachment":[{"href":"https:\/\/archive.sana.sy\/es\/index.php?rest_route=%2Fwp%2Fv2%2Fmedia&parent=86448"}],"wp:term":[{"taxonomy":"category","embeddable":true,"href":"https:\/\/archive.sana.sy\/es\/index.php?rest_route=%2Fwp%2Fv2%2Fcategories&post=86448"},{"taxonomy":"post_tag","embeddable":true,"href":"https:\/\/archive.sana.sy\/es\/index.php?rest_route=%2Fwp%2Fv2%2Ftags&post=86448"}],"curies":[{"name":"wp","href":"https:\/\/api.w.org\/{rel}","templated":true}]}}