{"id":86455,"date":"2018-07-30T18:59:56","date_gmt":"2018-07-30T15:59:56","guid":{"rendered":"https:\/\/www.sana.sy\/es\/?p=86455"},"modified":"2018-07-30T18:59:56","modified_gmt":"2018-07-30T15:59:56","slug":"primer-cafe-de-praga-fundado-por-un-sirio-expatriado","status":"publish","type":"post","link":"https:\/\/archive.sana.sy\/es\/?p=86455","title":{"rendered":"Primer caf\u00e9 de Praga fundado por un sirio expatriado"},"content":{"rendered":"<p>Praga-SANA<\/p>\n<p>Un caf\u00e9 fundado por un ciudadano sirio en la capital checa de Praga, entr\u00f3 en el r\u00e9cord de oro de la ciudad como el primer y m\u00e1s antiguo caf\u00e9 instaurado de la ciudad.<\/p>\n<p>Los sirios en Praga y los amantes del caf\u00e9 sienten orgullosos de este caf\u00e9, que est\u00e1 ubicado en el centro de la calle \u00b4Karlovy\u00b4, que enlaza la plaza antigua de la ciudad con el puente de Carlos, lo que convierte esta calle en una atracci\u00f3n para los turistas y visitantes.<\/p>\n<p>Una placa colocada encima de la entrada principal de la puerta del caf\u00e9 indica que el caf\u00e9 fue fundado en el a\u00f1o 1714.<\/p>\n<p>El caf\u00e9 que lleva el nombre de &#8220;la serpiente de oro&#8221; fue establecido por el ciudadano sirio Georges Dimashqi que sol\u00eda servir el caf\u00e9 a sus clientes con la ropa tradicional \u00e1rabe.<\/p>\n<p>Los historiadores checos notan que Georges Dimashqi se estableci\u00f3 en Praga en 1703 procedente de Viena y comenz\u00f3 su vida en la ciudad vendiendo caf\u00e9 en las calles. Despu\u00e9s de obtener la ciudadan\u00eda, abri\u00f3 el primer caf\u00e9 y lo llam\u00f3 &#8220;Torre de Puente&#8221;.<\/p>\n<p>Y.K.<\/p>\n","protected":false},"excerpt":{"rendered":"<p>Praga-SANA Un caf\u00e9 fundado por un ciudadano sirio en la capital checa de Praga, entr\u00f3 en el r\u00e9cord de oro de la ciudad como el primer y m\u00e1s antiguo caf\u00e9 instaurado de la ciudad. Los sirios en Praga y los amantes del caf\u00e9 sienten orgullosos de este caf\u00e9, que est\u00e1 ubicado en el centro de &hellip;<\/p>\n","protected":false},"author":1,"featured_media":86456,"comment_status":"closed","ping_status":"closed","sticky":false,"template":"","format":"standard","meta":{"footnotes":""},"categories":[456,7541],"tags":[],"class_list":["post-86455","post","type-post","status-publish","format-standard","has-post-thumbnail","","category-arabe-internacional-politica","category-ultimas-noticias"],"_links":{"self":[{"href":"https:\/\/archive.sana.sy\/es\/index.php?rest_route=\/wp\/v2\/posts\/86455"}],"collection":[{"href":"https:\/\/archive.sana.sy\/es\/index.php?rest_route=\/wp\/v2\/posts"}],"about":[{"href":"https:\/\/archive.sana.sy\/es\/index.php?rest_route=\/wp\/v2\/types\/post"}],"author":[{"embeddable":true,"href":"https:\/\/archive.sana.sy\/es\/index.php?rest_route=\/wp\/v2\/users\/1"}],"replies":[{"embeddable":true,"href":"https:\/\/archive.sana.sy\/es\/index.php?rest_route=%2Fwp%2Fv2%2Fcomments&post=86455"}],"version-history":[{"count":0,"href":"https:\/\/archive.sana.sy\/es\/index.php?rest_route=\/wp\/v2\/posts\/86455\/revisions"}],"wp:featuredmedia":[{"embeddable":true,"href":"https:\/\/archive.sana.sy\/es\/index.php?rest_route=\/wp\/v2\/media\/86456"}],"wp:attachment":[{"href":"https:\/\/archive.sana.sy\/es\/index.php?rest_route=%2Fwp%2Fv2%2Fmedia&parent=86455"}],"wp:term":[{"taxonomy":"category","embeddable":true,"href":"https:\/\/archive.sana.sy\/es\/index.php?rest_route=%2Fwp%2Fv2%2Fcategories&post=86455"},{"taxonomy":"post_tag","embeddable":true,"href":"https:\/\/archive.sana.sy\/es\/index.php?rest_route=%2Fwp%2Fv2%2Ftags&post=86455"}],"curies":[{"name":"wp","href":"https:\/\/api.w.org\/{rel}","templated":true}]}}