{"id":86459,"date":"2018-07-30T19:14:50","date_gmt":"2018-07-30T16:14:50","guid":{"rendered":"https:\/\/www.sana.sy\/es\/?p=86459"},"modified":"2018-07-30T19:14:50","modified_gmt":"2018-07-30T16:14:50","slug":"rusia-busca-alcanzar-un-entendimiento-con-occidente-sobre-el-retorno-de-desplazados-sirios","status":"publish","type":"post","link":"https:\/\/archive.sana.sy\/es\/?p=86459","title":{"rendered":"Rusia busca alcanzar un entendimiento con Occidente sobre el retorno de desplazados sirios"},"content":{"rendered":"<p>Mosc\u00fa-SANA<\/p>\n<p>El canciller ruso Serguei Lavrov dijo hoy que su pa\u00eds busca alcanzar un entendimiento con los pa\u00edses occidentales sobre el retorno de los desplazados sirios a su pa\u00eds.<\/p>\n<p>\u00a8Lavrov y el jefe del Estado Mayor Ruso examinaron este tema con colegas extranjeros\u00a8, cit\u00f3 RT a Lavrov.<\/p>\n<p>El canciller ruso subray\u00f3 que el retorno de los desplazados sirios a su pa\u00eds representa una cuesti\u00f3n importante y urgente para los pa\u00edses occidentales y del Oriente Medio.<\/p>\n<p>Y.K.<\/p>\n","protected":false},"excerpt":{"rendered":"<p>Mosc\u00fa-SANA El canciller ruso Serguei Lavrov dijo hoy que su pa\u00eds busca alcanzar un entendimiento con los pa\u00edses occidentales sobre el retorno de los desplazados sirios a su pa\u00eds. \u00a8Lavrov y el jefe del Estado Mayor Ruso examinaron este tema con colegas extranjeros\u00a8, cit\u00f3 RT a Lavrov. El canciller ruso subray\u00f3 que el retorno de &hellip;<\/p>\n","protected":false},"author":1,"featured_media":86460,"comment_status":"closed","ping_status":"closed","sticky":false,"template":"","format":"standard","meta":{"footnotes":""},"categories":[456,7541],"tags":[],"class_list":["post-86459","post","type-post","status-publish","format-standard","has-post-thumbnail","","category-arabe-internacional-politica","category-ultimas-noticias"],"_links":{"self":[{"href":"https:\/\/archive.sana.sy\/es\/index.php?rest_route=\/wp\/v2\/posts\/86459"}],"collection":[{"href":"https:\/\/archive.sana.sy\/es\/index.php?rest_route=\/wp\/v2\/posts"}],"about":[{"href":"https:\/\/archive.sana.sy\/es\/index.php?rest_route=\/wp\/v2\/types\/post"}],"author":[{"embeddable":true,"href":"https:\/\/archive.sana.sy\/es\/index.php?rest_route=\/wp\/v2\/users\/1"}],"replies":[{"embeddable":true,"href":"https:\/\/archive.sana.sy\/es\/index.php?rest_route=%2Fwp%2Fv2%2Fcomments&post=86459"}],"version-history":[{"count":0,"href":"https:\/\/archive.sana.sy\/es\/index.php?rest_route=\/wp\/v2\/posts\/86459\/revisions"}],"wp:featuredmedia":[{"embeddable":true,"href":"https:\/\/archive.sana.sy\/es\/index.php?rest_route=\/wp\/v2\/media\/86460"}],"wp:attachment":[{"href":"https:\/\/archive.sana.sy\/es\/index.php?rest_route=%2Fwp%2Fv2%2Fmedia&parent=86459"}],"wp:term":[{"taxonomy":"category","embeddable":true,"href":"https:\/\/archive.sana.sy\/es\/index.php?rest_route=%2Fwp%2Fv2%2Fcategories&post=86459"},{"taxonomy":"post_tag","embeddable":true,"href":"https:\/\/archive.sana.sy\/es\/index.php?rest_route=%2Fwp%2Fv2%2Ftags&post=86459"}],"curies":[{"name":"wp","href":"https:\/\/api.w.org\/{rel}","templated":true}]}}