{"id":86471,"date":"2018-07-30T20:39:08","date_gmt":"2018-07-30T17:39:08","guid":{"rendered":"https:\/\/www.sana.sy\/es\/?p=86471"},"modified":"2018-07-30T20:39:08","modified_gmt":"2018-07-30T17:39:08","slug":"bogdanov-exige-levantar-las-medidas-economicas-coercitivas-unilaterales-impuestas-contra-siria","status":"publish","type":"post","link":"https:\/\/archive.sana.sy\/es\/?p=86471","title":{"rendered":"Bogdanov exige levantar las medidas econ\u00f3micas coercitivas unilaterales impuestas contra Siria"},"content":{"rendered":"<p>&nbsp;<\/p>\n<p><span style=\"color: #800000;\">Mosc\u00fa-SANA<\/span><\/p>\n<p>El viceministro de Exteriores ruso, Mija\u00edl Bogdanov, subray\u00f3 la necesidad de levantar las medidas econ\u00f3micas coercitivas unilaterales impuestas contra Siria, por ser algo esencial para el retorno de los desplazados a su patria y para la reactivaci\u00f3n de la econom\u00eda siria.<\/p>\n<p>Es muy importante tratar el asunto de reactivar la econom\u00eda siria, y levantar las sanciones occidentales unilaterales por ser fundamental para el regreso de los deslazados a Siria, dijo Bogdanov.<\/p>\n<p>La Uni\u00f3n Europea impuso sanciones y medidas coercitivas unilaterales contra Siria desde 2011, en el marco de ofrecer un apoyo a los terroristas takfir\u00edes, e internar presionar al pueblo sirio y su gobierno para cambiar sus posturas.<\/p>\n<p>&nbsp;<\/p>\n<p><span style=\"color: #0000ff;\">Akram. S<\/span><\/p>\n","protected":false},"excerpt":{"rendered":"<p>&nbsp; Mosc\u00fa-SANA El viceministro de Exteriores ruso, Mija\u00edl Bogdanov, subray\u00f3 la necesidad de levantar las medidas econ\u00f3micas coercitivas unilaterales impuestas contra Siria, por ser algo esencial para el retorno de los desplazados a su patria y para la reactivaci\u00f3n de la econom\u00eda siria. Es muy importante tratar el asunto de reactivar la econom\u00eda siria, y &hellip;<\/p>\n","protected":false},"author":1,"featured_media":86472,"comment_status":"closed","ping_status":"closed","sticky":false,"template":"","format":"standard","meta":{"footnotes":""},"categories":[597,467,7541],"tags":[],"class_list":["post-86471","post","type-post","status-publish","format-standard","has-post-thumbnail","","category-cinta-de-noticias","category-siria-y-el-mundo","category-ultimas-noticias"],"_links":{"self":[{"href":"https:\/\/archive.sana.sy\/es\/index.php?rest_route=\/wp\/v2\/posts\/86471"}],"collection":[{"href":"https:\/\/archive.sana.sy\/es\/index.php?rest_route=\/wp\/v2\/posts"}],"about":[{"href":"https:\/\/archive.sana.sy\/es\/index.php?rest_route=\/wp\/v2\/types\/post"}],"author":[{"embeddable":true,"href":"https:\/\/archive.sana.sy\/es\/index.php?rest_route=\/wp\/v2\/users\/1"}],"replies":[{"embeddable":true,"href":"https:\/\/archive.sana.sy\/es\/index.php?rest_route=%2Fwp%2Fv2%2Fcomments&post=86471"}],"version-history":[{"count":0,"href":"https:\/\/archive.sana.sy\/es\/index.php?rest_route=\/wp\/v2\/posts\/86471\/revisions"}],"wp:featuredmedia":[{"embeddable":true,"href":"https:\/\/archive.sana.sy\/es\/index.php?rest_route=\/wp\/v2\/media\/86472"}],"wp:attachment":[{"href":"https:\/\/archive.sana.sy\/es\/index.php?rest_route=%2Fwp%2Fv2%2Fmedia&parent=86471"}],"wp:term":[{"taxonomy":"category","embeddable":true,"href":"https:\/\/archive.sana.sy\/es\/index.php?rest_route=%2Fwp%2Fv2%2Fcategories&post=86471"},{"taxonomy":"post_tag","embeddable":true,"href":"https:\/\/archive.sana.sy\/es\/index.php?rest_route=%2Fwp%2Fv2%2Ftags&post=86471"}],"curies":[{"name":"wp","href":"https:\/\/api.w.org\/{rel}","templated":true}]}}