{"id":86474,"date":"2018-07-30T20:57:19","date_gmt":"2018-07-30T17:57:19","guid":{"rendered":"https:\/\/www.sana.sy\/es\/?p=86474"},"modified":"2018-07-30T20:57:19","modified_gmt":"2018-07-30T17:57:19","slug":"los-habitantes-de-ein-al-tina-en-el-campo-de-quneitra-expresan-su-apoyo-al-ejercito-sirio","status":"publish","type":"post","link":"https:\/\/archive.sana.sy\/es\/?p=86474","title":{"rendered":"Los habitantes de Ein al Tina en el campo de Quneitra expresan su apoyo al Ej\u00e9rcito sirio\u00a0"},"content":{"rendered":"<p>&nbsp;<\/p>\n<p><span style=\"color: #800000;\">Quneitra-SANA<\/span><\/p>\n<p>Decenas de los habitantes de Ein al Tina y las fincas adyacentes en el campo de Quneitra, se congregaron para expresar su apoyo al Ej\u00e9rcito sirio que instaur\u00f3 la estabilidad y la seguridad en la ciudad de Quneitra, y en decenas de pueblos y localidades en la regi\u00f3n sure\u00f1a.<\/p>\n<p>Los participantes izaron banderas nacionales, y lanzaron v\u00edtores que saludan al Ej\u00e9rcito sirio que logra victoria tras victoria contra los grupos terroristas, e instaur\u00f3 la seguridad y la estabilidad en las localidades que sufrieron de los cr\u00edmenes de los terroristas.<\/p>\n<p>En el mismo contexto, exigieron a los que llevaron armas contra el estado a entregar sus armas y regularizar su estatus jur\u00eddico, y afirmaron que el Ej\u00e9rcito es el que defiende la tierra y la dignidad.<\/p>\n<p>&nbsp;<\/p>\n<p><span style=\"color: #0000ff;\">Akram. S<\/span><\/p>\n","protected":false},"excerpt":{"rendered":"<p>&nbsp; Quneitra-SANA Decenas de los habitantes de Ein al Tina y las fincas adyacentes en el campo de Quneitra, se congregaron para expresar su apoyo al Ej\u00e9rcito sirio que instaur\u00f3 la estabilidad y la seguridad en la ciudad de Quneitra, y en decenas de pueblos y localidades en la regi\u00f3n sure\u00f1a. Los participantes izaron banderas &hellip;<\/p>\n","protected":false},"author":1,"featured_media":86475,"comment_status":"closed","ping_status":"closed","sticky":false,"template":"","format":"standard","meta":{"footnotes":""},"categories":[597,573,476,7541],"tags":[],"class_list":["post-86474","post","type-post","status-publish","format-standard","has-post-thumbnail","","category-cinta-de-noticias","category-la-realidad-de-los-acontecimientos-en-siria","category-locales","category-ultimas-noticias"],"_links":{"self":[{"href":"https:\/\/archive.sana.sy\/es\/index.php?rest_route=\/wp\/v2\/posts\/86474"}],"collection":[{"href":"https:\/\/archive.sana.sy\/es\/index.php?rest_route=\/wp\/v2\/posts"}],"about":[{"href":"https:\/\/archive.sana.sy\/es\/index.php?rest_route=\/wp\/v2\/types\/post"}],"author":[{"embeddable":true,"href":"https:\/\/archive.sana.sy\/es\/index.php?rest_route=\/wp\/v2\/users\/1"}],"replies":[{"embeddable":true,"href":"https:\/\/archive.sana.sy\/es\/index.php?rest_route=%2Fwp%2Fv2%2Fcomments&post=86474"}],"version-history":[{"count":0,"href":"https:\/\/archive.sana.sy\/es\/index.php?rest_route=\/wp\/v2\/posts\/86474\/revisions"}],"wp:featuredmedia":[{"embeddable":true,"href":"https:\/\/archive.sana.sy\/es\/index.php?rest_route=\/wp\/v2\/media\/86475"}],"wp:attachment":[{"href":"https:\/\/archive.sana.sy\/es\/index.php?rest_route=%2Fwp%2Fv2%2Fmedia&parent=86474"}],"wp:term":[{"taxonomy":"category","embeddable":true,"href":"https:\/\/archive.sana.sy\/es\/index.php?rest_route=%2Fwp%2Fv2%2Fcategories&post=86474"},{"taxonomy":"post_tag","embeddable":true,"href":"https:\/\/archive.sana.sy\/es\/index.php?rest_route=%2Fwp%2Fv2%2Ftags&post=86474"}],"curies":[{"name":"wp","href":"https:\/\/api.w.org\/{rel}","templated":true}]}}