{"id":86477,"date":"2018-07-31T10:19:06","date_gmt":"2018-07-31T07:19:06","guid":{"rendered":"https:\/\/www.sana.sy\/es\/?p=86477"},"modified":"2018-07-31T13:13:03","modified_gmt":"2018-07-31T10:13:03","slug":"agregado-militar-de-china-en-damasco-reitera-apoyo-de-su-pais-a-siria-en-la-guerra-contra-el-terrorismo","status":"publish","type":"post","link":"https:\/\/archive.sana.sy\/es\/?p=86477","title":{"rendered":"Agregado militar de China en Damasco reitera apoyo de su pa\u00eds a Siria en la guerra contra el terrorismo"},"content":{"rendered":"<p><span style=\"color: #800000;\">Damasco, SANA<\/span><\/p>\n<p>El Agregado Militar de la Embajada de China en Damasco, el general Wang Rui Cheng, reiter\u00f3 el apoyo de su pa\u00eds a Siria en la guerra contra el terrorismo.<\/p>\n<p>Durante una recepci\u00f3n ofrecida por la Embajada de China en Damasco con motivo del 91 aniversario de la fundaci\u00f3n del Ej\u00e9rcito Popular de Liberaci\u00f3n de China, Wang dijo que Pek\u00edn mantendr\u00e1 su apoyo pol\u00edtico a Siria y seguir\u00e1 enviando la ayuda humanitaria posible.<\/p>\n<p>El general chino dijo que su pa\u00eds est\u00e1 muy interesado en desarrollar las relaciones de amistad y cooperaci\u00f3n con Siria, en particular, entre los dos ej\u00e9rcitos, y felicit\u00f3 al pueblo sirio por las victorias logradas por el Ej\u00e9rcito sirio contra el terrorismo.<\/p>\n<p>En una declaraci\u00f3n a la prensa, el Viceministro de Exteriores y Expatriados, Faisal Mekdad, enfatiz\u00f3 las profundas relaciones estrat\u00e9gicas entre Siria y China, y su derecho a la defensa y la justicia.<\/p>\n<p>Alab\u00f3 el papel del Ej\u00e9rcito Popular de Liberaci\u00f3n de China en la defensa de la paz y la seguridad internacionales y en la lucha contra el terrorismo.<\/p>\n<p><span style=\"color: #0000ff;\">F. Marouf\/ Dr. A. Shaban<\/span><\/p>\n","protected":false},"excerpt":{"rendered":"<p>Damasco, SANA El Agregado Militar de la Embajada de China en Damasco, el general Wang Rui Cheng, reiter\u00f3 el apoyo de su pa\u00eds a Siria en la guerra contra el terrorismo. Durante una recepci\u00f3n ofrecida por la Embajada de China en Damasco con motivo del 91 aniversario de la fundaci\u00f3n del Ej\u00e9rcito Popular de Liberaci\u00f3n &hellip;<\/p>\n","protected":false},"author":1,"featured_media":86478,"comment_status":"closed","ping_status":"closed","sticky":false,"template":"","format":"standard","meta":{"footnotes":""},"categories":[597,476,467,7541],"tags":[12329],"class_list":["post-86477","post","type-post","status-publish","format-standard","has-post-thumbnail","","category-cinta-de-noticias","category-locales","category-siria-y-el-mundo","category-ultimas-noticias","tag-agregado-militar-de-china-en-damasco-reitera-apoyo-de-su-pais-a-siria-en-la-guerra-contra-el-terrorismo"],"_links":{"self":[{"href":"https:\/\/archive.sana.sy\/es\/index.php?rest_route=\/wp\/v2\/posts\/86477"}],"collection":[{"href":"https:\/\/archive.sana.sy\/es\/index.php?rest_route=\/wp\/v2\/posts"}],"about":[{"href":"https:\/\/archive.sana.sy\/es\/index.php?rest_route=\/wp\/v2\/types\/post"}],"author":[{"embeddable":true,"href":"https:\/\/archive.sana.sy\/es\/index.php?rest_route=\/wp\/v2\/users\/1"}],"replies":[{"embeddable":true,"href":"https:\/\/archive.sana.sy\/es\/index.php?rest_route=%2Fwp%2Fv2%2Fcomments&post=86477"}],"version-history":[{"count":0,"href":"https:\/\/archive.sana.sy\/es\/index.php?rest_route=\/wp\/v2\/posts\/86477\/revisions"}],"wp:featuredmedia":[{"embeddable":true,"href":"https:\/\/archive.sana.sy\/es\/index.php?rest_route=\/wp\/v2\/media\/86478"}],"wp:attachment":[{"href":"https:\/\/archive.sana.sy\/es\/index.php?rest_route=%2Fwp%2Fv2%2Fmedia&parent=86477"}],"wp:term":[{"taxonomy":"category","embeddable":true,"href":"https:\/\/archive.sana.sy\/es\/index.php?rest_route=%2Fwp%2Fv2%2Fcategories&post=86477"},{"taxonomy":"post_tag","embeddable":true,"href":"https:\/\/archive.sana.sy\/es\/index.php?rest_route=%2Fwp%2Fv2%2Ftags&post=86477"}],"curies":[{"name":"wp","href":"https:\/\/api.w.org\/{rel}","templated":true}]}}