{"id":86638,"date":"2018-08-03T08:10:47","date_gmt":"2018-08-03T05:10:47","guid":{"rendered":"https:\/\/www.sana.sy\/es\/?p=86638"},"modified":"2023-01-10T15:10:32","modified_gmt":"2023-01-10T13:10:32","slug":"siria-llama-a-companias-indias-a-participar-en-la-feria-internacional-de-damasco","status":"publish","type":"post","link":"https:\/\/archive.sana.sy\/es\/?p=86638","title":{"rendered":"Siria llama a compa\u00f1\u00edas indias a participar en la Feria Internacional de Damasco"},"content":{"rendered":"<p><span style=\"color: #800000;\">Nueva Delhi, SANA<\/span><\/p>\n<p>El embajador de Siria en La India, Riad Abbas, llam\u00f3 a las compa\u00f1\u00edas indias a participar en la 60 Edici\u00f3n de la Feria Internacional de Damasco.<\/p>\n<p>En una rueda de prensa celebrada en la sede de la embajada siria en Nueva Delhi, el embajador Abbas llam\u00f3 a los hombres de negocios indios a beneficiarse de las oportunidades de inversi\u00f3n en Siria y de las facilidades ofrecidas a los pa\u00edses amigos para participar en la fase de reconstrucci\u00f3n.<\/p>\n<p>Hasta el momento, 48 pa\u00edses confirmaron su participaci\u00f3n en la Feria Internacional de Damasco que se celebrar\u00e1 del 6 al 15 de septiembre.<\/p>\n<p><span style=\"color: #0000ff;\">F. Marouf\\ Dr. A. Shaban<\/span><\/p>\n","protected":false},"excerpt":{"rendered":"<p>Nueva Delhi, SANA El embajador de Siria en La India, Riad Abbas, llam\u00f3 a las compa\u00f1\u00edas indias a participar en la 60 Edici\u00f3n de la Feria Internacional de Damasco. En una rueda de prensa celebrada en la sede de la embajada siria en Nueva Delhi, el embajador Abbas llam\u00f3 a los hombres de negocios indios &hellip;<\/p>\n","protected":false},"author":1,"featured_media":86639,"comment_status":"closed","ping_status":"closed","sticky":false,"template":"","format":"standard","meta":{"footnotes":""},"categories":[597,485,467,7541],"tags":[12343],"class_list":["post-86638","post","type-post","status-publish","format-standard","has-post-thumbnail","","category-cinta-de-noticias","category-informes-negocios-y-finanzas","category-siria-y-el-mundo","category-ultimas-noticias","tag-siria-llama-a-companias-indias-a-participar-en-la-feria-internacional-de-damasco"],"_links":{"self":[{"href":"https:\/\/archive.sana.sy\/es\/index.php?rest_route=\/wp\/v2\/posts\/86638"}],"collection":[{"href":"https:\/\/archive.sana.sy\/es\/index.php?rest_route=\/wp\/v2\/posts"}],"about":[{"href":"https:\/\/archive.sana.sy\/es\/index.php?rest_route=\/wp\/v2\/types\/post"}],"author":[{"embeddable":true,"href":"https:\/\/archive.sana.sy\/es\/index.php?rest_route=\/wp\/v2\/users\/1"}],"replies":[{"embeddable":true,"href":"https:\/\/archive.sana.sy\/es\/index.php?rest_route=%2Fwp%2Fv2%2Fcomments&post=86638"}],"version-history":[{"count":0,"href":"https:\/\/archive.sana.sy\/es\/index.php?rest_route=\/wp\/v2\/posts\/86638\/revisions"}],"wp:featuredmedia":[{"embeddable":true,"href":"https:\/\/archive.sana.sy\/es\/index.php?rest_route=\/wp\/v2\/media\/86639"}],"wp:attachment":[{"href":"https:\/\/archive.sana.sy\/es\/index.php?rest_route=%2Fwp%2Fv2%2Fmedia&parent=86638"}],"wp:term":[{"taxonomy":"category","embeddable":true,"href":"https:\/\/archive.sana.sy\/es\/index.php?rest_route=%2Fwp%2Fv2%2Fcategories&post=86638"},{"taxonomy":"post_tag","embeddable":true,"href":"https:\/\/archive.sana.sy\/es\/index.php?rest_route=%2Fwp%2Fv2%2Ftags&post=86638"}],"curies":[{"name":"wp","href":"https:\/\/api.w.org\/{rel}","templated":true}]}}