{"id":86655,"date":"2018-08-03T15:07:57","date_gmt":"2018-08-03T12:07:57","guid":{"rendered":"https:\/\/www.sana.sy\/es\/?p=86655"},"modified":"2018-08-03T15:07:57","modified_gmt":"2018-08-03T12:07:57","slug":"heridos-en-nuevos-ataques-terroristas-con-mortero-contra-alepo","status":"publish","type":"post","link":"https:\/\/archive.sana.sy\/es\/?p=86655","title":{"rendered":"Heridos en nuevos ataques terroristas con mortero contra Alepo"},"content":{"rendered":"<p><span style=\"color: #993366;\"><strong>Alepo, SANA<\/strong><\/span><\/p>\n<p>Dos civiles resultaron heridos este viernes tras ataques terroristas con mortero contra el barrio de al Hamadaniya en la ciudad septentrional de Alepo, inform\u00f3 el reportero de SANA.<\/p>\n<p>El ataque terrorista ocasion\u00f3 tambi\u00e9n da\u00f1os materiales en algunas casas en el lugar objetivo, a\u00f1adi\u00f3.<\/p>\n<p>Ayer, tres civiles perdieron la vida y seis otros resultaron heridos en similares ataques terroristas contra barrios de la ciudad norte\u00f1a.<\/p>\n<p>Es de destacar que en la periferia de la zona de Yimiat al Zaharaa y en algunos pueblos del campo suroeste de Alepo se despliegan terroristas afiliados con el Frente de al Nousra que proceden a atacar las zonas cercanas con mortero y misiles caseros.<\/p>\n<p>Lynn A.<\/p>\n","protected":false},"excerpt":{"rendered":"<p>Alepo, SANA Dos civiles resultaron heridos este viernes tras ataques terroristas con mortero contra el barrio de al Hamadaniya en la ciudad septentrional de Alepo, inform\u00f3 el reportero de SANA. El ataque terrorista ocasion\u00f3 tambi\u00e9n da\u00f1os materiales en algunas casas en el lugar objetivo, a\u00f1adi\u00f3. Ayer, tres civiles perdieron la vida y seis otros resultaron &hellip;<\/p>\n","protected":false},"author":1,"featured_media":86656,"comment_status":"closed","ping_status":"closed","sticky":false,"template":"","format":"standard","meta":{"footnotes":""},"categories":[597,573,7541],"tags":[12346],"class_list":["post-86655","post","type-post","status-publish","format-standard","has-post-thumbnail","","category-cinta-de-noticias","category-la-realidad-de-los-acontecimientos-en-siria","category-ultimas-noticias","tag-heridos-en-nuevos-ataques-terroristas-con-mortero-contra-alepo"],"_links":{"self":[{"href":"https:\/\/archive.sana.sy\/es\/index.php?rest_route=\/wp\/v2\/posts\/86655"}],"collection":[{"href":"https:\/\/archive.sana.sy\/es\/index.php?rest_route=\/wp\/v2\/posts"}],"about":[{"href":"https:\/\/archive.sana.sy\/es\/index.php?rest_route=\/wp\/v2\/types\/post"}],"author":[{"embeddable":true,"href":"https:\/\/archive.sana.sy\/es\/index.php?rest_route=\/wp\/v2\/users\/1"}],"replies":[{"embeddable":true,"href":"https:\/\/archive.sana.sy\/es\/index.php?rest_route=%2Fwp%2Fv2%2Fcomments&post=86655"}],"version-history":[{"count":0,"href":"https:\/\/archive.sana.sy\/es\/index.php?rest_route=\/wp\/v2\/posts\/86655\/revisions"}],"wp:featuredmedia":[{"embeddable":true,"href":"https:\/\/archive.sana.sy\/es\/index.php?rest_route=\/wp\/v2\/media\/86656"}],"wp:attachment":[{"href":"https:\/\/archive.sana.sy\/es\/index.php?rest_route=%2Fwp%2Fv2%2Fmedia&parent=86655"}],"wp:term":[{"taxonomy":"category","embeddable":true,"href":"https:\/\/archive.sana.sy\/es\/index.php?rest_route=%2Fwp%2Fv2%2Fcategories&post=86655"},{"taxonomy":"post_tag","embeddable":true,"href":"https:\/\/archive.sana.sy\/es\/index.php?rest_route=%2Fwp%2Fv2%2Ftags&post=86655"}],"curies":[{"name":"wp","href":"https:\/\/api.w.org\/{rel}","templated":true}]}}