{"id":86771,"date":"2018-08-05T19:06:28","date_gmt":"2018-08-05T16:06:28","guid":{"rendered":"https:\/\/www.sana.sy\/es\/?p=86771"},"modified":"2023-01-10T15:16:27","modified_gmt":"2023-01-10T13:16:27","slug":"el-festival-turistico-de-bloudan-es-un-movimiento-economico-activo","status":"publish","type":"post","link":"https:\/\/archive.sana.sy\/es\/?p=86771","title":{"rendered":"El festival tur\u00edstico de Bloudan es un movimiento econ\u00f3mico activo"},"content":{"rendered":"<p>&nbsp;<\/p>\n<p><span style=\"color: #800000;\">Damasco Campo-SANA<\/span><\/p>\n<p>El festival tur\u00edstico de Bloudan cre\u00f3 gran n\u00famero de clientela en los mercados de la ciudad de al Zabadai y Bloudan en Damasco Campo que reciben estos d\u00edas visitantes de todas las zonas.<\/p>\n<p>Varios propietarios de tiendas y puestos de venta afirmaron que la vida econ\u00f3mica y de inversi\u00f3n volvi\u00f3 de nuevo a arrancar en el campo de Damasco, y con ella se vive un ambiente de alegr\u00eda y celebraciones por la victoria del Ej\u00e9rcito sirio contra los grupos terroristas.<\/p>\n<p>Muhammed que tiene un puesto de venta de frutas y verduras en la carretera de al Zabadani afirm\u00f3 que con la seguridad y la estabilidad en la ciudad las instalaciones tur\u00edsticas volvieron a funcionar de nuevo, lo que se considera una fuente de apoyo a la econom\u00eda para los habitantes.<\/p>\n<p>Assaf es otro vendedor y afirma que con los eventos del festival tur\u00edstico de Bloudan se increment\u00f3 la venta de sus productos, sobre todo los productos locales que se cultivan en sus tierras.<\/p>\n<p>Entre los visitantes del festival, Samira Sarhan, quien acudi\u00f3 al festival proveniente de la ciudad de Damasco, dijo que los festivales ayudan a que el movimiento econ\u00f3mico arranque de nuevo en la ciudad de al Zabadani, que a su vez contribuye en la reconstrucci\u00f3n.<\/p>\n<p>&nbsp;<\/p>\n<p><span style=\"color: #0000ff;\">Akram. S<\/span><\/p>\n<p><img loading=\"lazy\" decoding=\"async\" class=\"aligncenter wp-image-86787 size-full\" src=\"https:\/\/www.sana.sy\/es\/wp-content\/uploads\/2018\/08\/1-90.jpg\" alt=\"\" width=\"660\" height=\"439\" srcset=\"https:\/\/archive.sana.sy\/es\/wp-content\/uploads\/2018\/08\/1-90.jpg 660w, https:\/\/archive.sana.sy\/es\/wp-content\/uploads\/2018\/08\/1-90-150x100.jpg 150w, https:\/\/archive.sana.sy\/es\/wp-content\/uploads\/2018\/08\/1-90-300x200.jpg 300w, https:\/\/archive.sana.sy\/es\/wp-content\/uploads\/2018\/08\/1-90-310x205.jpg 310w\" sizes=\"(max-width: 660px) 100vw, 660px\" \/><\/p>\n<p><img loading=\"lazy\" decoding=\"async\" class=\"aligncenter wp-image-86788 size-full\" src=\"https:\/\/www.sana.sy\/es\/wp-content\/uploads\/2018\/08\/2-54.jpg\" alt=\"\" width=\"660\" height=\"424\" srcset=\"https:\/\/archive.sana.sy\/es\/wp-content\/uploads\/2018\/08\/2-54.jpg 660w, https:\/\/archive.sana.sy\/es\/wp-content\/uploads\/2018\/08\/2-54-150x96.jpg 150w, https:\/\/archive.sana.sy\/es\/wp-content\/uploads\/2018\/08\/2-54-300x193.jpg 300w\" sizes=\"(max-width: 660px) 100vw, 660px\" \/><\/p>\n<p><img loading=\"lazy\" decoding=\"async\" class=\"aligncenter wp-image-86790 size-full\" src=\"https:\/\/www.sana.sy\/es\/wp-content\/uploads\/2018\/08\/2-52.jpg\" alt=\"\" width=\"660\" height=\"392\" srcset=\"https:\/\/archive.sana.sy\/es\/wp-content\/uploads\/2018\/08\/2-52.jpg 660w, https:\/\/archive.sana.sy\/es\/wp-content\/uploads\/2018\/08\/2-52-150x89.jpg 150w, https:\/\/archive.sana.sy\/es\/wp-content\/uploads\/2018\/08\/2-52-300x178.jpg 300w\" sizes=\"(max-width: 660px) 100vw, 660px\" \/><\/p>\n","protected":false},"excerpt":{"rendered":"<p>&nbsp; Damasco Campo-SANA El festival tur\u00edstico de Bloudan cre\u00f3 gran n\u00famero de clientela en los mercados de la ciudad de al Zabadai y Bloudan en Damasco Campo que reciben estos d\u00edas visitantes de todas las zonas. Varios propietarios de tiendas y puestos de venta afirmaron que la vida econ\u00f3mica y de inversi\u00f3n volvi\u00f3 de nuevo &hellip;<\/p>\n","protected":false},"author":1,"featured_media":86773,"comment_status":"closed","ping_status":"closed","sticky":false,"template":"","format":"standard","meta":{"footnotes":""},"categories":[485,476,7541],"tags":[],"class_list":["post-86771","post","type-post","status-publish","format-standard","has-post-thumbnail","","category-informes-negocios-y-finanzas","category-locales","category-ultimas-noticias"],"_links":{"self":[{"href":"https:\/\/archive.sana.sy\/es\/index.php?rest_route=\/wp\/v2\/posts\/86771"}],"collection":[{"href":"https:\/\/archive.sana.sy\/es\/index.php?rest_route=\/wp\/v2\/posts"}],"about":[{"href":"https:\/\/archive.sana.sy\/es\/index.php?rest_route=\/wp\/v2\/types\/post"}],"author":[{"embeddable":true,"href":"https:\/\/archive.sana.sy\/es\/index.php?rest_route=\/wp\/v2\/users\/1"}],"replies":[{"embeddable":true,"href":"https:\/\/archive.sana.sy\/es\/index.php?rest_route=%2Fwp%2Fv2%2Fcomments&post=86771"}],"version-history":[{"count":0,"href":"https:\/\/archive.sana.sy\/es\/index.php?rest_route=\/wp\/v2\/posts\/86771\/revisions"}],"wp:featuredmedia":[{"embeddable":true,"href":"https:\/\/archive.sana.sy\/es\/index.php?rest_route=\/wp\/v2\/media\/86773"}],"wp:attachment":[{"href":"https:\/\/archive.sana.sy\/es\/index.php?rest_route=%2Fwp%2Fv2%2Fmedia&parent=86771"}],"wp:term":[{"taxonomy":"category","embeddable":true,"href":"https:\/\/archive.sana.sy\/es\/index.php?rest_route=%2Fwp%2Fv2%2Fcategories&post=86771"},{"taxonomy":"post_tag","embeddable":true,"href":"https:\/\/archive.sana.sy\/es\/index.php?rest_route=%2Fwp%2Fv2%2Ftags&post=86771"}],"curies":[{"name":"wp","href":"https:\/\/api.w.org\/{rel}","templated":true}]}}