{"id":86792,"date":"2018-08-05T20:54:59","date_gmt":"2018-08-05T17:54:59","guid":{"rendered":"https:\/\/www.sana.sy\/es\/?p=86792"},"modified":"2018-08-05T20:54:59","modified_gmt":"2018-08-05T17:54:59","slug":"fuerzas-de-seguridad-iraquies-arrestan-a-seis-terroristas-de-daesh-en-mosul","status":"publish","type":"post","link":"https:\/\/archive.sana.sy\/es\/?p=86792","title":{"rendered":"Fuerzas de seguridad iraqu\u00edes arrestan a seis terroristas de Daesh en Mosul"},"content":{"rendered":"<p>&nbsp;<\/p>\n<p><span style=\"color: #800000;\">Bagdad \u2013SANA<\/span><\/p>\n<p>Las fuerzas de seguridad iraqu\u00edes arrestaron a seis terroristas de Daesh en la ciudad de Mosul al norte de Irak.<\/p>\n<p>El portavoz del ministerio de Exteriores iraqu\u00ed dijo en un comunicado que la Oficina Anticr\u00edmenes en al Hadbaa, y conforme a informaciones de inteligencia, arrest\u00f3 a seis terroristas de Daesh, seg\u00fan informa el sitio web al Sumaryia News.<\/p>\n<p>El primer ministro iraqu\u00ed, Haidar al Ebadi, anunci\u00f3 el 10 de julio de 2017 la libraci\u00f3n de la ciudad de Moscul de los terroristas de Daesh por completo.<\/p>\n<p><span style=\"color: #0000ff;\">Akram. S<\/span><\/p>\n","protected":false},"excerpt":{"rendered":"<p>&nbsp; Bagdad \u2013SANA Las fuerzas de seguridad iraqu\u00edes arrestaron a seis terroristas de Daesh en la ciudad de Mosul al norte de Irak. El portavoz del ministerio de Exteriores iraqu\u00ed dijo en un comunicado que la Oficina Anticr\u00edmenes en al Hadbaa, y conforme a informaciones de inteligencia, arrest\u00f3 a seis terroristas de Daesh, seg\u00fan informa &hellip;<\/p>\n","protected":false},"author":1,"featured_media":86793,"comment_status":"closed","ping_status":"closed","sticky":false,"template":"","format":"standard","meta":{"footnotes":""},"categories":[597,456,7541],"tags":[],"class_list":["post-86792","post","type-post","status-publish","format-standard","has-post-thumbnail","","category-cinta-de-noticias","category-arabe-internacional-politica","category-ultimas-noticias"],"_links":{"self":[{"href":"https:\/\/archive.sana.sy\/es\/index.php?rest_route=\/wp\/v2\/posts\/86792"}],"collection":[{"href":"https:\/\/archive.sana.sy\/es\/index.php?rest_route=\/wp\/v2\/posts"}],"about":[{"href":"https:\/\/archive.sana.sy\/es\/index.php?rest_route=\/wp\/v2\/types\/post"}],"author":[{"embeddable":true,"href":"https:\/\/archive.sana.sy\/es\/index.php?rest_route=\/wp\/v2\/users\/1"}],"replies":[{"embeddable":true,"href":"https:\/\/archive.sana.sy\/es\/index.php?rest_route=%2Fwp%2Fv2%2Fcomments&post=86792"}],"version-history":[{"count":0,"href":"https:\/\/archive.sana.sy\/es\/index.php?rest_route=\/wp\/v2\/posts\/86792\/revisions"}],"wp:featuredmedia":[{"embeddable":true,"href":"https:\/\/archive.sana.sy\/es\/index.php?rest_route=\/wp\/v2\/media\/86793"}],"wp:attachment":[{"href":"https:\/\/archive.sana.sy\/es\/index.php?rest_route=%2Fwp%2Fv2%2Fmedia&parent=86792"}],"wp:term":[{"taxonomy":"category","embeddable":true,"href":"https:\/\/archive.sana.sy\/es\/index.php?rest_route=%2Fwp%2Fv2%2Fcategories&post=86792"},{"taxonomy":"post_tag","embeddable":true,"href":"https:\/\/archive.sana.sy\/es\/index.php?rest_route=%2Fwp%2Fv2%2Ftags&post=86792"}],"curies":[{"name":"wp","href":"https:\/\/api.w.org\/{rel}","templated":true}]}}