{"id":86831,"date":"2018-08-06T18:16:54","date_gmt":"2018-08-06T15:16:54","guid":{"rendered":"https:\/\/www.sana.sy\/es\/?p=86831"},"modified":"2018-08-06T18:17:46","modified_gmt":"2018-08-06T15:17:46","slug":"ffaa-intensifican-su-ofensiva-en-sweida","status":"publish","type":"post","link":"https:\/\/archive.sana.sy\/es\/?p=86831","title":{"rendered":"FFAA intensifican su ofensiva en Sweida"},"content":{"rendered":"<p>Sweida-SANA<\/p>\n<p>El ej\u00e9rcito sirio han desplegado m\u00e1s fuerzas en la zona del desierto (Badhieh) de la provincia de Sweida.<\/p>\n<p>En paralelo aviones de combate de la Fuerza A\u00e9rea Siria llevaron a cabo incursiones contra rutas de movimiento y veh\u00edculos de los terroristas de DAESH en la zona.<\/p>\n<p>Seg\u00fan informaciones los ataques a\u00e9reos dejaron muertos y heridos en las filas de los extremistas. Destruyeron adem\u00e1s varios veh\u00edculos de los terroristas.<\/p>\n<p>Y.K.<\/p>\n","protected":false},"excerpt":{"rendered":"<p>Sweida-SANA El ej\u00e9rcito sirio han desplegado m\u00e1s fuerzas en la zona del desierto (Badhieh) de la provincia de Sweida. En paralelo aviones de combate de la Fuerza A\u00e9rea Siria llevaron a cabo incursiones contra rutas de movimiento y veh\u00edculos de los terroristas de DAESH en la zona. Seg\u00fan informaciones los ataques a\u00e9reos dejaron muertos y &hellip;<\/p>\n","protected":false},"author":1,"featured_media":86832,"comment_status":"closed","ping_status":"closed","sticky":false,"template":"","format":"standard","meta":{"footnotes":""},"categories":[573,583],"tags":[],"class_list":["post-86831","post","type-post","status-publish","format-standard","has-post-thumbnail","","category-la-realidad-de-los-acontecimientos-en-siria","category-slide"],"_links":{"self":[{"href":"https:\/\/archive.sana.sy\/es\/index.php?rest_route=\/wp\/v2\/posts\/86831"}],"collection":[{"href":"https:\/\/archive.sana.sy\/es\/index.php?rest_route=\/wp\/v2\/posts"}],"about":[{"href":"https:\/\/archive.sana.sy\/es\/index.php?rest_route=\/wp\/v2\/types\/post"}],"author":[{"embeddable":true,"href":"https:\/\/archive.sana.sy\/es\/index.php?rest_route=\/wp\/v2\/users\/1"}],"replies":[{"embeddable":true,"href":"https:\/\/archive.sana.sy\/es\/index.php?rest_route=%2Fwp%2Fv2%2Fcomments&post=86831"}],"version-history":[{"count":0,"href":"https:\/\/archive.sana.sy\/es\/index.php?rest_route=\/wp\/v2\/posts\/86831\/revisions"}],"wp:featuredmedia":[{"embeddable":true,"href":"https:\/\/archive.sana.sy\/es\/index.php?rest_route=\/wp\/v2\/media\/86832"}],"wp:attachment":[{"href":"https:\/\/archive.sana.sy\/es\/index.php?rest_route=%2Fwp%2Fv2%2Fmedia&parent=86831"}],"wp:term":[{"taxonomy":"category","embeddable":true,"href":"https:\/\/archive.sana.sy\/es\/index.php?rest_route=%2Fwp%2Fv2%2Fcategories&post=86831"},{"taxonomy":"post_tag","embeddable":true,"href":"https:\/\/archive.sana.sy\/es\/index.php?rest_route=%2Fwp%2Fv2%2Ftags&post=86831"}],"curies":[{"name":"wp","href":"https:\/\/api.w.org\/{rel}","templated":true}]}}