{"id":8696,"date":"2014-09-09T14:35:08","date_gmt":"2014-09-09T11:35:08","guid":{"rendered":"http:\/\/www.sana.sy\/es\/?p=8696"},"modified":"2014-09-10T14:28:00","modified_gmt":"2014-09-10T11:28:00","slug":"celebrada-una-exposicion-en-teheran-para-documentar-las-atrocidades-de-los-grupos-terroristas-en-siria","status":"publish","type":"post","link":"https:\/\/archive.sana.sy\/es\/?p=8696","title":{"rendered":"Celebrada una exposici\u00f3n fotogr\u00e1fica en Teher\u00e1n para documentar las atrocidades de los terroristas en Siria"},"content":{"rendered":"<p>Teher\u00e1n, SANA<\/p>\n<p>El Centro Cultural \u00c1rabe Sirio organiz\u00f3 hoy martes una exposici\u00f3n fotogr\u00e1fica para documentar las atrocidades cometidas por los grupos terroristas, secundados por Occidente, contra el pueblo sirio y el patrimonio cultura y hist\u00f3rico de Siria.<\/p>\n<p>El director del Centro, Tarek Nasser resalt\u00f3 la importancia de los eventos y actividades que tienen lugar en Ir\u00e1n ya sea a nivel internacional o regional, en trasmitir la verdadera imagen de los acontecimientos en Siria, sobre todo las salvajadas de los grupos terroristas.<\/p>\n<p>Es de se\u00f1alar que la exposici\u00f3n se celebra al margen de la &#8220;Conferencia Internacional de Eruditos Isl\u00e1micos para Apoyar la Resistencia Palestina&#8221; desarrollada actualmente en Teher\u00e1n.<\/p>\n<p>&nbsp;<\/p>\n<p>Lynn A.<\/p>\n","protected":false},"excerpt":{"rendered":"<p>Teher\u00e1n, SANA El Centro Cultural \u00c1rabe Sirio organiz\u00f3 hoy martes una exposici\u00f3n fotogr\u00e1fica para documentar las atrocidades cometidas por los grupos terroristas, secundados por Occidente, contra el pueblo sirio y el patrimonio cultura y hist\u00f3rico de Siria. El director del Centro, Tarek Nasser resalt\u00f3 la importancia de los eventos y actividades que tienen lugar en &hellip;<\/p>\n","protected":false},"author":24,"featured_media":8697,"comment_status":"closed","ping_status":"closed","sticky":false,"template":"","format":"standard","meta":{"footnotes":""},"categories":[1],"tags":[1976],"class_list":["post-8696","post","type-post","status-publish","format-standard","has-post-thumbnail","","category-news-not-sorted","tag-celebrada-una-exposicion-fotografica-en-teheran-para-documentar-las-atrocidades-de-los-terroristas-en-siria"],"_links":{"self":[{"href":"https:\/\/archive.sana.sy\/es\/index.php?rest_route=\/wp\/v2\/posts\/8696"}],"collection":[{"href":"https:\/\/archive.sana.sy\/es\/index.php?rest_route=\/wp\/v2\/posts"}],"about":[{"href":"https:\/\/archive.sana.sy\/es\/index.php?rest_route=\/wp\/v2\/types\/post"}],"author":[{"embeddable":true,"href":"https:\/\/archive.sana.sy\/es\/index.php?rest_route=\/wp\/v2\/users\/24"}],"replies":[{"embeddable":true,"href":"https:\/\/archive.sana.sy\/es\/index.php?rest_route=%2Fwp%2Fv2%2Fcomments&post=8696"}],"version-history":[{"count":0,"href":"https:\/\/archive.sana.sy\/es\/index.php?rest_route=\/wp\/v2\/posts\/8696\/revisions"}],"wp:featuredmedia":[{"embeddable":true,"href":"https:\/\/archive.sana.sy\/es\/index.php?rest_route=\/wp\/v2\/media\/8697"}],"wp:attachment":[{"href":"https:\/\/archive.sana.sy\/es\/index.php?rest_route=%2Fwp%2Fv2%2Fmedia&parent=8696"}],"wp:term":[{"taxonomy":"category","embeddable":true,"href":"https:\/\/archive.sana.sy\/es\/index.php?rest_route=%2Fwp%2Fv2%2Fcategories&post=8696"},{"taxonomy":"post_tag","embeddable":true,"href":"https:\/\/archive.sana.sy\/es\/index.php?rest_route=%2Fwp%2Fv2%2Ftags&post=8696"}],"curies":[{"name":"wp","href":"https:\/\/api.w.org\/{rel}","templated":true}]}}