{"id":87042,"date":"2018-08-09T19:56:24","date_gmt":"2018-08-09T16:56:24","guid":{"rendered":"https:\/\/www.sana.sy\/es\/?p=87042"},"modified":"2018-08-10T14:44:46","modified_gmt":"2018-08-10T11:44:46","slug":"siria-condena-masacre-cometida-por-la-alianza-saudi-en-yemen","status":"publish","type":"post","link":"https:\/\/archive.sana.sy\/es\/?p=87042","title":{"rendered":"Siria condena masacre cometida por la alianza saud\u00ed en Yemen"},"content":{"rendered":"<p>Damasco-SANA<\/p>\n<p>Siria ha condenado en\u00e9rgicamente el crimen horrible cometido por la alianza del r\u00e9gimen saud\u00ed contra un autob\u00fas que transportaba ni\u00f1os en Saada, Yemen.<\/p>\n<p>Una fuente del Ministerio de Exteriores y Expatriados dijo que \u00a8Siria condena el crimen que cometi\u00f3 la coalici\u00f3n contra un autob\u00fas que transportaba ni\u00f1os en Saada\u00a8. \u00a8Este crimen mat\u00f3 a mucho de los ni\u00f1os, y dej\u00f3 a otros con lesiones\u00b4, agreg\u00f3 la fuente.<\/p>\n<p>Subray\u00f3 que este horrible crimen viene en el marco de los repetidos cr\u00edmenes que comete el r\u00e9gimen wahab\u00ed saud\u00ed contra la poblaci\u00f3n civil en Yemen.<\/p>\n<p>De igual modo la fuente afirm\u00f3 que \u00a8los pa\u00edses que suministran el r\u00e9gimen saud\u00ed con todo tipo de armas fatales, encabezados por los EEUU, Gran Breta\u00f1a y Francia, son los responsables de este crimen\u00b4, que constituye una flagrante violaci\u00f3n de la ley internacional, humanitario y del derecho de los ni\u00f1os.<\/p>\n<p>La fuente manifest\u00f3 solidaridad con el pueblo yemen\u00ed y expres\u00f3 las m\u00e1s profundas condolencias a los familiares de las v\u00edctimas, al mismo tiempo dese\u00f3 la pronta recuperaci\u00f3n de los heridos.<\/p>\n<p>Y.K.<\/p>\n","protected":false},"excerpt":{"rendered":"<p>Damasco-SANA Siria ha condenado en\u00e9rgicamente el crimen horrible cometido por la alianza del r\u00e9gimen saud\u00ed contra un autob\u00fas que transportaba ni\u00f1os en Saada, Yemen. Una fuente del Ministerio de Exteriores y Expatriados dijo que \u00a8Siria condena el crimen que cometi\u00f3 la coalici\u00f3n contra un autob\u00fas que transportaba ni\u00f1os en Saada\u00a8. \u00a8Este crimen mat\u00f3 a mucho &hellip;<\/p>\n","protected":false},"author":1,"featured_media":87043,"comment_status":"closed","ping_status":"closed","sticky":false,"template":"","format":"standard","meta":{"footnotes":""},"categories":[476,583,7541],"tags":[],"class_list":["post-87042","post","type-post","status-publish","format-standard","has-post-thumbnail","","category-locales","category-slide","category-ultimas-noticias"],"_links":{"self":[{"href":"https:\/\/archive.sana.sy\/es\/index.php?rest_route=\/wp\/v2\/posts\/87042"}],"collection":[{"href":"https:\/\/archive.sana.sy\/es\/index.php?rest_route=\/wp\/v2\/posts"}],"about":[{"href":"https:\/\/archive.sana.sy\/es\/index.php?rest_route=\/wp\/v2\/types\/post"}],"author":[{"embeddable":true,"href":"https:\/\/archive.sana.sy\/es\/index.php?rest_route=\/wp\/v2\/users\/1"}],"replies":[{"embeddable":true,"href":"https:\/\/archive.sana.sy\/es\/index.php?rest_route=%2Fwp%2Fv2%2Fcomments&post=87042"}],"version-history":[{"count":0,"href":"https:\/\/archive.sana.sy\/es\/index.php?rest_route=\/wp\/v2\/posts\/87042\/revisions"}],"wp:featuredmedia":[{"embeddable":true,"href":"https:\/\/archive.sana.sy\/es\/index.php?rest_route=\/wp\/v2\/media\/87043"}],"wp:attachment":[{"href":"https:\/\/archive.sana.sy\/es\/index.php?rest_route=%2Fwp%2Fv2%2Fmedia&parent=87042"}],"wp:term":[{"taxonomy":"category","embeddable":true,"href":"https:\/\/archive.sana.sy\/es\/index.php?rest_route=%2Fwp%2Fv2%2Fcategories&post=87042"},{"taxonomy":"post_tag","embeddable":true,"href":"https:\/\/archive.sana.sy\/es\/index.php?rest_route=%2Fwp%2Fv2%2Ftags&post=87042"}],"curies":[{"name":"wp","href":"https:\/\/api.w.org\/{rel}","templated":true}]}}