{"id":87051,"date":"2018-08-09T20:45:51","date_gmt":"2018-08-09T17:45:51","guid":{"rendered":"https:\/\/www.sana.sy\/es\/?p=87051"},"modified":"2018-08-09T20:45:51","modified_gmt":"2018-08-09T17:45:51","slug":"rusia-hay-una-mejora-positiva-en-siria","status":"publish","type":"post","link":"https:\/\/archive.sana.sy\/es\/?p=87051","title":{"rendered":"Rusia: hay una mejora positiva en Siria"},"content":{"rendered":"<p>Mosc\u00fa-SANA<\/p>\n<p>La portavoz del Ministerio de Asuntos Exteriores de Rusia, Maria Zajarova, dijo que la situaci\u00f3n general en Siria y su desarrollo din\u00e1mico est\u00e1 mejorando positivamente.<\/p>\n<p>Zakharova dijo en una rueda de prensa en Mosc\u00fa el jueves que la situaci\u00f3n general en Siria y su desarrollo din\u00e1mico est\u00e1 mejorando positivamente, ya que los focos del terrorismo han sido completamente destruidos en el suroeste de Siria, y se ha restablecido el control sobre la frontera sirio-jordana, a\u00f1\u00e1dale el avance en el proceso de reconciliaci\u00f3n en las zonas liberadas de los terroristas.<\/p>\n<p>&#8220;Seg\u00fan los datos de la ONU, alrededor de un mill\u00f3n de personas desplazadas podr\u00edan regresar a Siria en los pr\u00f3ximos meses&#8221;, dijo Zakharova.<\/p>\n<p>Se\u00f1al\u00f3 que el gobierno sirio ha decidido crear una Comisi\u00f3n especial para las personas desplazadas, cuya misi\u00f3n es coordinar con todas las partes a fin de crear condiciones adecuadas que facilitan el retorno de los desplazados a sus hogares.<\/p>\n<p>Y.K.<\/p>\n","protected":false},"excerpt":{"rendered":"<p>Mosc\u00fa-SANA La portavoz del Ministerio de Asuntos Exteriores de Rusia, Maria Zajarova, dijo que la situaci\u00f3n general en Siria y su desarrollo din\u00e1mico est\u00e1 mejorando positivamente. Zakharova dijo en una rueda de prensa en Mosc\u00fa el jueves que la situaci\u00f3n general en Siria y su desarrollo din\u00e1mico est\u00e1 mejorando positivamente, ya que los focos del &hellip;<\/p>\n","protected":false},"author":1,"featured_media":87052,"comment_status":"closed","ping_status":"closed","sticky":false,"template":"","format":"standard","meta":{"footnotes":""},"categories":[456,7541],"tags":[],"class_list":["post-87051","post","type-post","status-publish","format-standard","has-post-thumbnail","","category-arabe-internacional-politica","category-ultimas-noticias"],"_links":{"self":[{"href":"https:\/\/archive.sana.sy\/es\/index.php?rest_route=\/wp\/v2\/posts\/87051"}],"collection":[{"href":"https:\/\/archive.sana.sy\/es\/index.php?rest_route=\/wp\/v2\/posts"}],"about":[{"href":"https:\/\/archive.sana.sy\/es\/index.php?rest_route=\/wp\/v2\/types\/post"}],"author":[{"embeddable":true,"href":"https:\/\/archive.sana.sy\/es\/index.php?rest_route=\/wp\/v2\/users\/1"}],"replies":[{"embeddable":true,"href":"https:\/\/archive.sana.sy\/es\/index.php?rest_route=%2Fwp%2Fv2%2Fcomments&post=87051"}],"version-history":[{"count":0,"href":"https:\/\/archive.sana.sy\/es\/index.php?rest_route=\/wp\/v2\/posts\/87051\/revisions"}],"wp:featuredmedia":[{"embeddable":true,"href":"https:\/\/archive.sana.sy\/es\/index.php?rest_route=\/wp\/v2\/media\/87052"}],"wp:attachment":[{"href":"https:\/\/archive.sana.sy\/es\/index.php?rest_route=%2Fwp%2Fv2%2Fmedia&parent=87051"}],"wp:term":[{"taxonomy":"category","embeddable":true,"href":"https:\/\/archive.sana.sy\/es\/index.php?rest_route=%2Fwp%2Fv2%2Fcategories&post=87051"},{"taxonomy":"post_tag","embeddable":true,"href":"https:\/\/archive.sana.sy\/es\/index.php?rest_route=%2Fwp%2Fv2%2Ftags&post=87051"}],"curies":[{"name":"wp","href":"https:\/\/api.w.org\/{rel}","templated":true}]}}