{"id":87068,"date":"2018-08-10T13:58:38","date_gmt":"2018-08-10T10:58:38","guid":{"rendered":"https:\/\/www.sana.sy\/es\/?p=87068"},"modified":"2018-08-10T14:45:14","modified_gmt":"2018-08-10T11:45:14","slug":"guterres-condena-la-matanza-saudi-cometida-contra-civiles-en-saada","status":"publish","type":"post","link":"https:\/\/archive.sana.sy\/es\/?p=87068","title":{"rendered":"Guterres condena la matanza saud\u00ed cometida contra civiles en Saada"},"content":{"rendered":"<p><span style=\"color: #800000\">Nueva York, SANA<\/span>&#8211; El Secretario General de las Naciones Unidas, Antonio Guterres, conden\u00f3 la matanza cometido por una alianza del r\u00e9gimen saud\u00ed contra un autob\u00fas que transportaba ni\u00f1os en Saada, en Yemen, cobrando la vida de decenas de muertos y dejando a decenas de heridos y pidi\u00f3 la realizaci\u00f3n de una investigaci\u00f3n r\u00e1pida e independiente.<\/p>\n<p>La agencia informativa francesa AFP cit\u00f3 al portavoz fdel Secretario General Farhan Haq, que &#8220;el Secretario General hace un llamamiento a todas las partes a respetar sus obligaciones bajo el derecho internacional humanitario, especialmente las reglas b\u00e1sicas para establecer metas y para evitar el uso de la fuerza excesiva y tomar medidas de precauci\u00f3n durante los ataques.&#8221;<\/p>\n<p>El Secretario General pidi\u00f3 llevar a cabo una investigaci\u00f3n independiente y r\u00e1pida sobre el ataque, que dej\u00f3 decenas de personas muertas, en su mayor\u00eda ni\u00f1os.<\/p>\n<p>Adem\u00e1s, reiter\u00f3 su llamamiento a todas las partes yemen\u00edes para que encuentren una soluci\u00f3n pol\u00edtica a trav\u00e9s del amplio di\u00e1logo yemen\u00ed como \u00fanica forma de poner fin al conflicto.<\/p>\n<p>Los aviones de combate de la agresi\u00f3n saudita cometieron una masacre el pasado jueves contra un autob\u00fas que transportaba ni\u00f1os en el mercado de Dahyan en Saada, matando a 47 personas e hiriendo a otros 77.<\/p>\n<p>M\/Miri<\/p>\n","protected":false},"excerpt":{"rendered":"<p>Nueva York, SANA&#8211; El Secretario General de las Naciones Unidas, Antonio Guterres, conden\u00f3 la matanza cometido por una alianza del r\u00e9gimen saud\u00ed contra un autob\u00fas que transportaba ni\u00f1os en Saada, en Yemen, cobrando la vida de decenas de muertos y dejando a decenas de heridos y pidi\u00f3 la realizaci\u00f3n de una investigaci\u00f3n r\u00e1pida e independiente. &hellip;<\/p>\n","protected":false},"author":1,"featured_media":87069,"comment_status":"closed","ping_status":"closed","sticky":false,"template":"","format":"standard","meta":{"footnotes":""},"categories":[597,456,457,7541],"tags":[10558],"class_list":["post-87068","post","type-post","status-publish","format-standard","has-post-thumbnail","","category-cinta-de-noticias","category-arabe-internacional-politica","category-noticias-arabe-internacional-politica","category-ultimas-noticias","tag-antonio-guterres"],"_links":{"self":[{"href":"https:\/\/archive.sana.sy\/es\/index.php?rest_route=\/wp\/v2\/posts\/87068"}],"collection":[{"href":"https:\/\/archive.sana.sy\/es\/index.php?rest_route=\/wp\/v2\/posts"}],"about":[{"href":"https:\/\/archive.sana.sy\/es\/index.php?rest_route=\/wp\/v2\/types\/post"}],"author":[{"embeddable":true,"href":"https:\/\/archive.sana.sy\/es\/index.php?rest_route=\/wp\/v2\/users\/1"}],"replies":[{"embeddable":true,"href":"https:\/\/archive.sana.sy\/es\/index.php?rest_route=%2Fwp%2Fv2%2Fcomments&post=87068"}],"version-history":[{"count":0,"href":"https:\/\/archive.sana.sy\/es\/index.php?rest_route=\/wp\/v2\/posts\/87068\/revisions"}],"wp:featuredmedia":[{"embeddable":true,"href":"https:\/\/archive.sana.sy\/es\/index.php?rest_route=\/wp\/v2\/media\/87069"}],"wp:attachment":[{"href":"https:\/\/archive.sana.sy\/es\/index.php?rest_route=%2Fwp%2Fv2%2Fmedia&parent=87068"}],"wp:term":[{"taxonomy":"category","embeddable":true,"href":"https:\/\/archive.sana.sy\/es\/index.php?rest_route=%2Fwp%2Fv2%2Fcategories&post=87068"},{"taxonomy":"post_tag","embeddable":true,"href":"https:\/\/archive.sana.sy\/es\/index.php?rest_route=%2Fwp%2Fv2%2Ftags&post=87068"}],"curies":[{"name":"wp","href":"https:\/\/api.w.org\/{rel}","templated":true}]}}