{"id":87180,"date":"2018-08-12T11:09:42","date_gmt":"2018-08-12T08:09:42","guid":{"rendered":"https:\/\/www.sana.sy\/es\/?p=87180"},"modified":"2023-01-10T15:35:04","modified_gmt":"2023-01-10T13:35:04","slug":"titulares-de-la-prensa-nacional-publicada-este-domingo-12-de-agosto","status":"publish","type":"post","link":"https:\/\/archive.sana.sy\/es\/?p=87180","title":{"rendered":"Titulares de la prensa nacional publicada este domingo 12 de Agosto"},"content":{"rendered":"<p><span style=\"color: #800000;\">Damasco, SANA<\/span><\/p>\n<p>Los principales diarios nacionales sirios destacaron los siguientes titulares:<\/p>\n<p>&#8211; Fuerzas Armadas avanzan en el desierto de Sweida y liberan a nuevas \u00e1reas de los terroristas del Daesh.<\/p>\n<p>&#8211; Zapadores del Ej\u00e9rcito contin\u00faan operaciones de peinado y desminado en las zonas liberadas en Sweida.<\/p>\n<p>&#8211; Fuerzas de Seguridad Interna izan la bandera nacional en la liberada ciudad de Inkhel en Deraa.<\/p>\n<p>&#8211; Una mujer muere y cinco civiles resultan heridos en ataques terroristas con cohetes contra Nubul y Zahraa, en el campo de Alepo.<\/p>\n<p>&#8211; Diputado egipcio condena injerencia extranjera y cr\u00edmenes cometidos por los grupos terroristas en Siria.<\/p>\n<p>&#8211; Artistas sirios convierten un t\u00fanel cavado por los terroristas en Jobar en un verdadero museo de esculturas.<\/p>\n<p>&#8211; El Club \u201cMuhafaza\u201d de la Gobernaci\u00f3n de Damasco inicia cuarta fase del proyecto \u201cMa\u00f1ana es Nuestro\u201d.<\/p>\n<p>&#8211; Con la participaci\u00f3n de 144 ni\u00f1os y ni\u00f1as, comienzan actividades del segundo campamento bajo el lema \u201cLealtad al Ej\u00e9rcito sirio\u201d.<\/p>\n<p>&#8211; Ministro de Defensa ruso pide a su contraparte alemana no hablar con Rusia con un lenguaje de fuerza.<\/p>\n<p>&#8211; Equipo de buceo sirio gana el tercer lugar en los Juegos Militares Internacionales en Ir\u00e1n.<\/p>\n<p>&#8211; Estudiantes de la Facultad de Bellas Artes dibujan pinturas en medio de la devastaci\u00f3n causada por los terroristas en el campamento Yarmouk.<\/p>\n<p>&#8211; Mogrini llama a la monarqu\u00eda saudita a otorgar a los detenidos el derecho de auto defenderse.<\/p>\n<p>&#8211; Fuerza de Misiles del ej\u00e9rcito yemen\u00ed ataca a un campamento militar del r\u00e9gimen saudita.<\/p>\n<p>&#8211; Conferencia de Partidos \u00c1rabes condena la reimposici\u00f3n de las sanciones de Estados Unidos contra Ir\u00e1n.<\/p>\n<p>&#8211; Argelia condena continuaci\u00f3n de las agresiones de la ocupaci\u00f3n israel\u00ed contra el pueblo palestino.<\/p>\n<p>&#8211; Una carta a Trump desde el espacio provoca p\u00e1nico en Nueva Jersey.<\/p>\n<p>&#8211; Las fuerzas de seguridad egipcias frustran un ataque terrorista en Qalyubiya.<\/p>\n<p>&#8211; Mueren seis iraqu\u00edes en dos ataques terroristas al norte de Bagdad y Beiji.<\/p>\n<p>&#8211; Muere un agente de seguridad jordano en la explosi\u00f3n de o una bomba al oeste de Amman.<\/p>\n<p>&#8211; Zarif destaca que funcionarios iran\u00edes y estadounidenses no se reunir\u00e1n en Nueva York.<\/p>\n<p>&#8211; Muere palestino asesinado por las fuerzas israel\u00edes en la Franja de Gaza.<\/p>\n<p>&#8211; Moussawi asegura que la victoria siria contra el terrorismo elimin\u00f3 el peligro de este flageo sobre el L\u00edbano.<\/p>\n<p><span style=\"color: #0000ff;\">F. Marouf\/ Dr. A. Shaban<\/span><\/p>\n","protected":false},"excerpt":{"rendered":"<p>Damasco, SANA Los principales diarios nacionales sirios destacaron los siguientes titulares: &#8211; Fuerzas Armadas avanzan en el desierto de Sweida y liberan a nuevas \u00e1reas de los terroristas del Daesh. &#8211; Zapadores del Ej\u00e9rcito contin\u00faan operaciones de peinado y desminado en las zonas liberadas en Sweida. &#8211; Fuerzas de Seguridad Interna izan la bandera nacional &hellip;<\/p>\n","protected":false},"author":1,"featured_media":87181,"comment_status":"closed","ping_status":"closed","sticky":false,"template":"","format":"standard","meta":{"footnotes":""},"categories":[447,555],"tags":[12389],"class_list":["post-87180","post","type-post","status-publish","format-standard","has-post-thumbnail","","category-local-politica","category-prensa","tag-titulares-de-la-prensa-nacional-publicada-este-domingo-12-de-agosto"],"_links":{"self":[{"href":"https:\/\/archive.sana.sy\/es\/index.php?rest_route=\/wp\/v2\/posts\/87180"}],"collection":[{"href":"https:\/\/archive.sana.sy\/es\/index.php?rest_route=\/wp\/v2\/posts"}],"about":[{"href":"https:\/\/archive.sana.sy\/es\/index.php?rest_route=\/wp\/v2\/types\/post"}],"author":[{"embeddable":true,"href":"https:\/\/archive.sana.sy\/es\/index.php?rest_route=\/wp\/v2\/users\/1"}],"replies":[{"embeddable":true,"href":"https:\/\/archive.sana.sy\/es\/index.php?rest_route=%2Fwp%2Fv2%2Fcomments&post=87180"}],"version-history":[{"count":0,"href":"https:\/\/archive.sana.sy\/es\/index.php?rest_route=\/wp\/v2\/posts\/87180\/revisions"}],"wp:featuredmedia":[{"embeddable":true,"href":"https:\/\/archive.sana.sy\/es\/index.php?rest_route=\/wp\/v2\/media\/87181"}],"wp:attachment":[{"href":"https:\/\/archive.sana.sy\/es\/index.php?rest_route=%2Fwp%2Fv2%2Fmedia&parent=87180"}],"wp:term":[{"taxonomy":"category","embeddable":true,"href":"https:\/\/archive.sana.sy\/es\/index.php?rest_route=%2Fwp%2Fv2%2Fcategories&post=87180"},{"taxonomy":"post_tag","embeddable":true,"href":"https:\/\/archive.sana.sy\/es\/index.php?rest_route=%2Fwp%2Fv2%2Ftags&post=87180"}],"curies":[{"name":"wp","href":"https:\/\/api.w.org\/{rel}","templated":true}]}}