{"id":87183,"date":"2018-08-12T11:18:28","date_gmt":"2018-08-12T08:18:28","guid":{"rendered":"https:\/\/www.sana.sy\/es\/?p=87183"},"modified":"2018-08-12T11:18:28","modified_gmt":"2018-08-12T08:18:28","slug":"las-temperaturas-estan-alrededor-de-sus-promedios-y-tiempo-despejado-en-general","status":"publish","type":"post","link":"https:\/\/archive.sana.sy\/es\/?p=87183","title":{"rendered":"Las temperaturas est\u00e1n alrededor de sus promedios y tiempo despejado en general"},"content":{"rendered":"<p><span style=\"color: #800000;\">Damasco, SANA<\/span><\/p>\n<p>Las temperaturas permanecen alrededor de sus promedios o un poco por encima en la mayor parte del territorio nacional, mientras tanto el pa\u00eds se ve influenciado por una depresi\u00f3n atmosf\u00e9rica superficial procedente del sudeste y es acompa\u00f1ada por corrientes suroccidentales en las capas superiores de la atm\u00f3sfera.<\/p>\n<p>El Directorio General de Meteorolog\u00eda en su bolet\u00edn del tiempo publicado hoy prev\u00e9 un tiempo despejado en general con la aparici\u00f3n de algunas nubes dispersas, mientras para las zonas orientales, el \u00c9ufrates y el Semidesierto se pronostica un tiempo c\u00e1lido y polvoriento, en cambio se advierte de la formaci\u00f3n de neblina durante las horas de la noche y tempranas de la ma\u00f1ana en las alturas monta\u00f1osas y algunas zonas del interior.<\/p>\n<p><span style=\"color: #0000ff;\">Riad. Sh\/ Dr. A. Shaban<\/span><\/p>\n","protected":false},"excerpt":{"rendered":"<p>Damasco, SANA Las temperaturas permanecen alrededor de sus promedios o un poco por encima en la mayor parte del territorio nacional, mientras tanto el pa\u00eds se ve influenciado por una depresi\u00f3n atmosf\u00e9rica superficial procedente del sudeste y es acompa\u00f1ada por corrientes suroccidentales en las capas superiores de la atm\u00f3sfera. El Directorio General de Meteorolog\u00eda en &hellip;<\/p>\n","protected":false},"author":1,"featured_media":87184,"comment_status":"closed","ping_status":"closed","sticky":false,"template":"","format":"standard","meta":{"footnotes":""},"categories":[476,7541],"tags":[12390],"class_list":["post-87183","post","type-post","status-publish","format-standard","has-post-thumbnail","","category-locales","category-ultimas-noticias","tag-las-temperaturas-estan-alrededor-de-sus-promedios-y-tiempo-despejado-en-general"],"_links":{"self":[{"href":"https:\/\/archive.sana.sy\/es\/index.php?rest_route=\/wp\/v2\/posts\/87183"}],"collection":[{"href":"https:\/\/archive.sana.sy\/es\/index.php?rest_route=\/wp\/v2\/posts"}],"about":[{"href":"https:\/\/archive.sana.sy\/es\/index.php?rest_route=\/wp\/v2\/types\/post"}],"author":[{"embeddable":true,"href":"https:\/\/archive.sana.sy\/es\/index.php?rest_route=\/wp\/v2\/users\/1"}],"replies":[{"embeddable":true,"href":"https:\/\/archive.sana.sy\/es\/index.php?rest_route=%2Fwp%2Fv2%2Fcomments&post=87183"}],"version-history":[{"count":0,"href":"https:\/\/archive.sana.sy\/es\/index.php?rest_route=\/wp\/v2\/posts\/87183\/revisions"}],"wp:featuredmedia":[{"embeddable":true,"href":"https:\/\/archive.sana.sy\/es\/index.php?rest_route=\/wp\/v2\/media\/87184"}],"wp:attachment":[{"href":"https:\/\/archive.sana.sy\/es\/index.php?rest_route=%2Fwp%2Fv2%2Fmedia&parent=87183"}],"wp:term":[{"taxonomy":"category","embeddable":true,"href":"https:\/\/archive.sana.sy\/es\/index.php?rest_route=%2Fwp%2Fv2%2Fcategories&post=87183"},{"taxonomy":"post_tag","embeddable":true,"href":"https:\/\/archive.sana.sy\/es\/index.php?rest_route=%2Fwp%2Fv2%2Ftags&post=87183"}],"curies":[{"name":"wp","href":"https:\/\/api.w.org\/{rel}","templated":true}]}}