{"id":87253,"date":"2018-08-12T13:33:11","date_gmt":"2018-08-12T10:33:11","guid":{"rendered":"https:\/\/www.sana.sy\/es\/?p=87253"},"modified":"2018-08-12T13:33:11","modified_gmt":"2018-08-12T10:33:11","slug":"ejercito-extrema-el-control-sobre-los-limites-administrativos-del-campo-oriental-de-suweida-y-cerca-a-los-terroristas-del-daesh-en-las-colinas-de-al-safa","status":"publish","type":"post","link":"https:\/\/archive.sana.sy\/es\/?p=87253","title":{"rendered":"Ej\u00e9rcito extrema el control sobre los l\u00edmites administrativos del campo oriental de Suweida y cerca a los terroristas del Daesh en las colinas de al-Safa"},"content":{"rendered":"<p><span style=\"color: #800000;\">Suwieda, SANA<\/span><\/p>\n<p>Unidades del ej\u00e9rcito \u00e1rabe sirio en colaboraci\u00f3n con las fuerzas coligadas han ampliado la franja de su control en el semidesierto oriental de Suweida despu\u00e9s de violentos enfrentamientos con los armados de la organizaci\u00f3n Daesh.<\/p>\n<p>El reportero de SANA en Suweida mencion\u00f3 que unidades del ej\u00e9rcito han logrado un nuevo avance contra Daesh en la profundidad del Semidesiero sirio y extremaron el control sobre los l\u00edmites administrativos del campo oriental de Suweida.<\/p>\n<p>El periodista se\u00f1al\u00f3 que el progreso del ej\u00e9rcito se centra ahora hacia los l\u00edmites administrativos de Rif Dimashq, y otras unidades cercan por completo a concentraciones de armados en las colinas de al-Safa.<\/p>\n<p><span style=\"color: #0000ff;\">Riad. Sh\/ Dr. A. Shaban<\/span><\/p>\n","protected":false},"excerpt":{"rendered":"<p>Suwieda, SANA Unidades del ej\u00e9rcito \u00e1rabe sirio en colaboraci\u00f3n con las fuerzas coligadas han ampliado la franja de su control en el semidesierto oriental de Suweida despu\u00e9s de violentos enfrentamientos con los armados de la organizaci\u00f3n Daesh. El reportero de SANA en Suweida mencion\u00f3 que unidades del ej\u00e9rcito han logrado un nuevo avance contra Daesh &hellip;<\/p>\n","protected":false},"author":1,"featured_media":87254,"comment_status":"closed","ping_status":"closed","sticky":false,"template":"","format":"standard","meta":{"footnotes":""},"categories":[597,573,476,7541],"tags":[12401],"class_list":["post-87253","post","type-post","status-publish","format-standard","has-post-thumbnail","","category-cinta-de-noticias","category-la-realidad-de-los-acontecimientos-en-siria","category-locales","category-ultimas-noticias","tag-ejercito-extrema-el-control-sobre-los-limites-administrativos-del-campo-oriental-de-suweida-y-cerca-a-los-terroristas-del-daesh-en-las-colinas-de-al-safa"],"_links":{"self":[{"href":"https:\/\/archive.sana.sy\/es\/index.php?rest_route=\/wp\/v2\/posts\/87253"}],"collection":[{"href":"https:\/\/archive.sana.sy\/es\/index.php?rest_route=\/wp\/v2\/posts"}],"about":[{"href":"https:\/\/archive.sana.sy\/es\/index.php?rest_route=\/wp\/v2\/types\/post"}],"author":[{"embeddable":true,"href":"https:\/\/archive.sana.sy\/es\/index.php?rest_route=\/wp\/v2\/users\/1"}],"replies":[{"embeddable":true,"href":"https:\/\/archive.sana.sy\/es\/index.php?rest_route=%2Fwp%2Fv2%2Fcomments&post=87253"}],"version-history":[{"count":0,"href":"https:\/\/archive.sana.sy\/es\/index.php?rest_route=\/wp\/v2\/posts\/87253\/revisions"}],"wp:featuredmedia":[{"embeddable":true,"href":"https:\/\/archive.sana.sy\/es\/index.php?rest_route=\/wp\/v2\/media\/87254"}],"wp:attachment":[{"href":"https:\/\/archive.sana.sy\/es\/index.php?rest_route=%2Fwp%2Fv2%2Fmedia&parent=87253"}],"wp:term":[{"taxonomy":"category","embeddable":true,"href":"https:\/\/archive.sana.sy\/es\/index.php?rest_route=%2Fwp%2Fv2%2Fcategories&post=87253"},{"taxonomy":"post_tag","embeddable":true,"href":"https:\/\/archive.sana.sy\/es\/index.php?rest_route=%2Fwp%2Fv2%2Ftags&post=87253"}],"curies":[{"name":"wp","href":"https:\/\/api.w.org\/{rel}","templated":true}]}}