{"id":87264,"date":"2018-08-12T14:40:01","date_gmt":"2018-08-12T11:40:01","guid":{"rendered":"https:\/\/www.sana.sy\/es\/?p=87264"},"modified":"2018-08-13T18:32:47","modified_gmt":"2018-08-13T15:32:47","slug":"putin-ante-la-cumbre-de-los-paises-del-caspio-hay-que-aumentar-la-colaboracion-en-la-lucha-antiterrorista","status":"publish","type":"post","link":"https:\/\/archive.sana.sy\/es\/?p=87264","title":{"rendered":"Putin ante la cumbre de los pa\u00edses del Caspio: hay que aumentar la colaboraci\u00f3n en la lucha antiterrorista"},"content":{"rendered":"<p><span style=\"color: #800000;\">Aktau-Kazajist\u00e1n, SANA<\/span><\/p>\n<p>En la ciudad kazaja de Aktau han comenzado hoy las labores de la Quinta Cumbre del Caspio con la participaci\u00f3n de los mandatarios de los cinco pa\u00edses ribere\u00f1os: Azerbaiy\u00e1n, Ilham Al\u00edev; Ir\u00e1n, Has\u00e1n Rohan\u00ed; Rusia, Vlad\u00edmir Putin, y Turkmenist\u00e1n, Gubangul\u00ed Berdimujam\u00e9dov.<\/p>\n<p>El presidente ruso Vladimir Putin dijo ante la cumbre, seg\u00fan Sputnik: &#8220;los pa\u00edses de la regi\u00f3n del Caspio deben incrementar la cooperaci\u00f3n en el combate al terrorismo y el crimen organizado, as\u00ed como ampliar la colaboraci\u00f3n conjunta a trav\u00e9s de los servicios especiales y las administraciones de fronteras&#8221; se\u00f1alando que Mosc\u00fa esta dispuesta a ampliar la cooperaci\u00f3n militar naval con los pa\u00edses del Caspio.<\/p>\n<p>Por su parte el presidente iran\u00ed Hassan Rouhani llam\u00f3 a crear una organizaci\u00f3n para la cooperaci\u00f3n aduanera e inversi\u00f3n mixta y fortalecer las estructuras econ\u00f3micas entre los pa\u00edses ribere\u00f1os.<\/p>\n<p><span style=\"color: #0000ff;\">Riad. Sh\/ Dr. A. Shaban<\/span><\/p>\n","protected":false},"excerpt":{"rendered":"<p>Aktau-Kazajist\u00e1n, SANA En la ciudad kazaja de Aktau han comenzado hoy las labores de la Quinta Cumbre del Caspio con la participaci\u00f3n de los mandatarios de los cinco pa\u00edses ribere\u00f1os: Azerbaiy\u00e1n, Ilham Al\u00edev; Ir\u00e1n, Has\u00e1n Rohan\u00ed; Rusia, Vlad\u00edmir Putin, y Turkmenist\u00e1n, Gubangul\u00ed Berdimujam\u00e9dov. El presidente ruso Vladimir Putin dijo ante la cumbre, seg\u00fan Sputnik: &#8220;los &hellip;<\/p>\n","protected":false},"author":1,"featured_media":87265,"comment_status":"closed","ping_status":"closed","sticky":false,"template":"","format":"standard","meta":{"footnotes":""},"categories":[597,576,7541],"tags":[12403],"class_list":["post-87264","post","type-post","status-publish","format-standard","has-post-thumbnail","","category-cinta-de-noticias","category-noticias-politicas","category-ultimas-noticias","tag-putin-ante-la-cumbre-de-los-paises-del-caspio-hay-que-aumentar-la-colaboracion-en-la-lucha-antiterrorista"],"_links":{"self":[{"href":"https:\/\/archive.sana.sy\/es\/index.php?rest_route=\/wp\/v2\/posts\/87264"}],"collection":[{"href":"https:\/\/archive.sana.sy\/es\/index.php?rest_route=\/wp\/v2\/posts"}],"about":[{"href":"https:\/\/archive.sana.sy\/es\/index.php?rest_route=\/wp\/v2\/types\/post"}],"author":[{"embeddable":true,"href":"https:\/\/archive.sana.sy\/es\/index.php?rest_route=\/wp\/v2\/users\/1"}],"replies":[{"embeddable":true,"href":"https:\/\/archive.sana.sy\/es\/index.php?rest_route=%2Fwp%2Fv2%2Fcomments&post=87264"}],"version-history":[{"count":0,"href":"https:\/\/archive.sana.sy\/es\/index.php?rest_route=\/wp\/v2\/posts\/87264\/revisions"}],"wp:featuredmedia":[{"embeddable":true,"href":"https:\/\/archive.sana.sy\/es\/index.php?rest_route=\/wp\/v2\/media\/87265"}],"wp:attachment":[{"href":"https:\/\/archive.sana.sy\/es\/index.php?rest_route=%2Fwp%2Fv2%2Fmedia&parent=87264"}],"wp:term":[{"taxonomy":"category","embeddable":true,"href":"https:\/\/archive.sana.sy\/es\/index.php?rest_route=%2Fwp%2Fv2%2Fcategories&post=87264"},{"taxonomy":"post_tag","embeddable":true,"href":"https:\/\/archive.sana.sy\/es\/index.php?rest_route=%2Fwp%2Fv2%2Ftags&post=87264"}],"curies":[{"name":"wp","href":"https:\/\/api.w.org\/{rel}","templated":true}]}}