{"id":87521,"date":"2018-08-16T17:26:47","date_gmt":"2018-08-16T14:26:47","guid":{"rendered":"https:\/\/www.sana.sy\/es\/?p=87521"},"modified":"2019-09-10T12:01:00","modified_gmt":"2019-09-10T09:01:00","slug":"presidente-al-assad-visita-con-su-esposa-un-tunel-donde-se-ocultaban-los-terroristas","status":"publish","type":"post","link":"https:\/\/archive.sana.sy\/es\/?p=87521","title":{"rendered":"Presidente al Assad visita con su esposa un t\u00fanel en Yobar donde se ocultaban los terroristas"},"content":{"rendered":"<p>Damasco, SANA<\/p>\n<p>El presidente, Bashar al Assad, visit\u00f3 junto con su esposa a uno de los t\u00faneles de muerte excavado por los terroristas en el barrio de Yobar, el cual ha sido transformado por 18 escultores a un lugar para el arte y la innovaci\u00f3n.<\/p>\n<p>El mandatario y la primera dama alabaron la iniciativa y esfuerzos de los artesanos del equipo \u00b4Aram\u00b4, quienes iluminaron el t\u00fanel y borraron las huellas del terrorismo con obras art\u00edsticas que materializan los sacrificios del Ej\u00e9rcito sirio, el soldado desconocido y la historia moderna y antigua de Siria.<\/p>\n<p>Al-Assad, afirm\u00f3 que \u00b4la destrucci\u00f3n, la oscuridad y la muerte representan la cultura de los terroristas, la cual hemos combatido\u2026mientras que la construcci\u00f3n, la luz, la vida y el arte son nuestra cultura\u00a8, agreg\u00f3: \u00a8cada escultura de estas paredes nos recuerda de los h\u00e9roes del ej\u00e9rcito sirio quienes se sacrificaron por liberar esta tierra sagrada\u00b4.<\/p>\n<p>El referido t\u00fanel fue construido por los terroristas debajo de una escuela que fue destruida por los mismos terroristas en el barrio de Yobar.<\/p>\n<p>Es de se\u00f1alar que un grupo de 18 artesanos sirios realizaron 20 bajorrelieves en las paredes de dicho t\u00fanel, lo cual ha sido un trabajo de 25 d\u00edas en una superficie que se extiende a 80 metros cuadrados y una profundidad de 9 metros.<\/p>\n<p><a href=\"https:\/\/www.sana.sy\/es\/wp-content\/uploads\/2018\/08\/z1-3.jpg\"><img loading=\"lazy\" decoding=\"async\" class=\"aligncenter size-full wp-image-87529\" src=\"https:\/\/www.sana.sy\/es\/wp-content\/uploads\/2018\/08\/z1-3.jpg\" alt=\"\" width=\"660\" height=\"440\" srcset=\"https:\/\/archive.sana.sy\/es\/wp-content\/uploads\/2018\/08\/z1-3.jpg 660w, https:\/\/archive.sana.sy\/es\/wp-content\/uploads\/2018\/08\/z1-3-150x100.jpg 150w, https:\/\/archive.sana.sy\/es\/wp-content\/uploads\/2018\/08\/z1-3-300x200.jpg 300w\" sizes=\"(max-width: 660px) 100vw, 660px\" \/><\/a><\/p>\n<p><a href=\"https:\/\/www.sana.sy\/es\/wp-content\/uploads\/2018\/08\/z2-2.jpg\"><img loading=\"lazy\" decoding=\"async\" class=\"aligncenter size-full wp-image-87530\" src=\"https:\/\/www.sana.sy\/es\/wp-content\/uploads\/2018\/08\/z2-2.jpg\" alt=\"\" width=\"660\" height=\"440\" srcset=\"https:\/\/archive.sana.sy\/es\/wp-content\/uploads\/2018\/08\/z2-2.jpg 660w, https:\/\/archive.sana.sy\/es\/wp-content\/uploads\/2018\/08\/z2-2-150x100.jpg 150w, https:\/\/archive.sana.sy\/es\/wp-content\/uploads\/2018\/08\/z2-2-300x200.jpg 300w\" sizes=\"(max-width: 660px) 100vw, 660px\" \/><\/a><\/p>\n<p><a href=\"https:\/\/www.sana.sy\/es\/wp-content\/uploads\/2018\/08\/z4-2.jpg\"><img loading=\"lazy\" decoding=\"async\" class=\"aligncenter size-full wp-image-87531\" src=\"https:\/\/www.sana.sy\/es\/wp-content\/uploads\/2018\/08\/z4-2.jpg\" alt=\"\" width=\"660\" height=\"381\" srcset=\"https:\/\/archive.sana.sy\/es\/wp-content\/uploads\/2018\/08\/z4-2.jpg 660w, https:\/\/archive.sana.sy\/es\/wp-content\/uploads\/2018\/08\/z4-2-150x87.jpg 150w, https:\/\/archive.sana.sy\/es\/wp-content\/uploads\/2018\/08\/z4-2-300x173.jpg 300w\" sizes=\"(max-width: 660px) 100vw, 660px\" \/><\/a><\/p>\n<p>Lynn A.-Y.K.<\/p>\n","protected":false},"excerpt":{"rendered":"<p>Damasco, SANA El presidente, Bashar al Assad, visit\u00f3 junto con su esposa a uno de los t\u00faneles de muerte excavado por los terroristas en el barrio de Yobar, el cual ha sido transformado por 18 escultores a un lugar para el arte y la innovaci\u00f3n. El mandatario y la primera dama alabaron la iniciativa y &hellip;<\/p>\n","protected":false},"author":24,"featured_media":87522,"comment_status":"closed","ping_status":"closed","sticky":false,"template":"","format":"standard","meta":{"footnotes":""},"categories":[16237,583,626],"tags":[],"class_list":["post-87521","post","type-post","status-publish","format-standard","has-post-thumbnail","","category-presidence-de-la-republique-arabe-syria","category-slide","category-sr-presidente"],"_links":{"self":[{"href":"https:\/\/archive.sana.sy\/es\/index.php?rest_route=\/wp\/v2\/posts\/87521"}],"collection":[{"href":"https:\/\/archive.sana.sy\/es\/index.php?rest_route=\/wp\/v2\/posts"}],"about":[{"href":"https:\/\/archive.sana.sy\/es\/index.php?rest_route=\/wp\/v2\/types\/post"}],"author":[{"embeddable":true,"href":"https:\/\/archive.sana.sy\/es\/index.php?rest_route=\/wp\/v2\/users\/24"}],"replies":[{"embeddable":true,"href":"https:\/\/archive.sana.sy\/es\/index.php?rest_route=%2Fwp%2Fv2%2Fcomments&post=87521"}],"version-history":[{"count":0,"href":"https:\/\/archive.sana.sy\/es\/index.php?rest_route=\/wp\/v2\/posts\/87521\/revisions"}],"wp:featuredmedia":[{"embeddable":true,"href":"https:\/\/archive.sana.sy\/es\/index.php?rest_route=\/wp\/v2\/media\/87522"}],"wp:attachment":[{"href":"https:\/\/archive.sana.sy\/es\/index.php?rest_route=%2Fwp%2Fv2%2Fmedia&parent=87521"}],"wp:term":[{"taxonomy":"category","embeddable":true,"href":"https:\/\/archive.sana.sy\/es\/index.php?rest_route=%2Fwp%2Fv2%2Fcategories&post=87521"},{"taxonomy":"post_tag","embeddable":true,"href":"https:\/\/archive.sana.sy\/es\/index.php?rest_route=%2Fwp%2Fv2%2Ftags&post=87521"}],"curies":[{"name":"wp","href":"https:\/\/api.w.org\/{rel}","templated":true}]}}