{"id":87537,"date":"2018-08-16T19:20:10","date_gmt":"2018-08-16T16:20:10","guid":{"rendered":"https:\/\/www.sana.sy\/es\/?p=87537"},"modified":"2018-08-16T19:20:10","modified_gmt":"2018-08-16T16:20:10","slug":"siria-recibe-un-hospital-ambulante-del-cicr-de-china","status":"publish","type":"post","link":"https:\/\/archive.sana.sy\/es\/?p=87537","title":{"rendered":"Siria recibe un hospital ambulante del CICR de China"},"content":{"rendered":"<p>Damasco, SANA<\/p>\n<p>La Media Luna Roja \u00c1rabe Siria recibi\u00f3 este jueves un hospital ambulante y dos ambulancias del Comit\u00e9 Internacional de la Cruz Roja de China.<\/p>\n<p>El hospital se integra de dos cl\u00ednicas, un laboratorio y una c\u00e1mara de radiolog\u00eda.<\/p>\n<p>El vicedirector ejecutivo del CICR de China expres\u00f3 su satisfacci\u00f3n por la cooperaci\u00f3n con la MLRAS, y su esperanza de que este hospital responda a las necesidades de los sirios.<\/p>\n<p>Asimismo expres\u00f3 su esperanza de que Siria salga de su crisis y de que estas ayudas contribuyan a afianzar las relaciones binacionales.<\/p>\n<p>Por su parte, el jefe de la MLRAS, Khaled Hbubati, valor\u00f3 altamente la iniciativa del CICR de China, y manifest\u00f3 el inter\u00e9s en la continuaci\u00f3n de la cooperaci\u00f3n bilateral,<\/p>\n<p>A su vez, el consejero pol\u00edtico en la Embajada china exalt\u00f3 las relaciones sirio chinas y la cooperaci\u00f3n binacional en todos los \u00e1mbitos. Consider\u00f3 que el desarrollo de los acontecimientos en el escenario sirio ha demostrado que el arreglo pol\u00edtico y el di\u00e1logo son el camino correcto para la soluci\u00f3n de la crisis en Siria, reiterando los llamados de su pa\u00eds a respetar la soberan\u00eda, independencia e integridad territorial de Siria, y apoyar al Ej\u00e9rcito sirio en su guerra contra el terrorismo, flagelo que se debe erradicar a nivel internacional.<\/p>\n<p>Asegur\u00f3 que China seguir\u00e1 respaldando a Siria, especialmente que esta naci\u00f3n ha comenzado a recuperarse y entamar la fase de reconstrucci\u00f3n.<\/p>\n<p><a href=\"https:\/\/www.sana.sy\/es\/wp-content\/uploads\/2018\/08\/z3-1.jpg\"><img loading=\"lazy\" decoding=\"async\" class=\"aligncenter size-full wp-image-87539\" src=\"https:\/\/www.sana.sy\/es\/wp-content\/uploads\/2018\/08\/z3-1.jpg\" alt=\"\" width=\"660\" height=\"407\" srcset=\"https:\/\/archive.sana.sy\/es\/wp-content\/uploads\/2018\/08\/z3-1.jpg 660w, https:\/\/archive.sana.sy\/es\/wp-content\/uploads\/2018\/08\/z3-1-150x93.jpg 150w, https:\/\/archive.sana.sy\/es\/wp-content\/uploads\/2018\/08\/z3-1-300x185.jpg 300w\" sizes=\"(max-width: 660px) 100vw, 660px\" \/><\/a><\/p>\n<p><a href=\"https:\/\/www.sana.sy\/es\/wp-content\/uploads\/2018\/08\/z1-4.jpg\"><img loading=\"lazy\" decoding=\"async\" class=\"aligncenter size-full wp-image-87540\" src=\"https:\/\/www.sana.sy\/es\/wp-content\/uploads\/2018\/08\/z1-4.jpg\" alt=\"\" width=\"660\" height=\"439\" srcset=\"https:\/\/archive.sana.sy\/es\/wp-content\/uploads\/2018\/08\/z1-4.jpg 660w, https:\/\/archive.sana.sy\/es\/wp-content\/uploads\/2018\/08\/z1-4-150x100.jpg 150w, https:\/\/archive.sana.sy\/es\/wp-content\/uploads\/2018\/08\/z1-4-300x200.jpg 300w, https:\/\/archive.sana.sy\/es\/wp-content\/uploads\/2018\/08\/z1-4-310x205.jpg 310w\" sizes=\"(max-width: 660px) 100vw, 660px\" \/><\/a><\/p>\n<p>Lynn A.<\/p>\n","protected":false},"excerpt":{"rendered":"<p>Damasco, SANA La Media Luna Roja \u00c1rabe Siria recibi\u00f3 este jueves un hospital ambulante y dos ambulancias del Comit\u00e9 Internacional de la Cruz Roja de China. El hospital se integra de dos cl\u00ednicas, un laboratorio y una c\u00e1mara de radiolog\u00eda. El vicedirector ejecutivo del CICR de China expres\u00f3 su satisfacci\u00f3n por la cooperaci\u00f3n con la &hellip;<\/p>\n","protected":false},"author":1,"featured_media":87538,"comment_status":"closed","ping_status":"closed","sticky":false,"template":"","format":"standard","meta":{"footnotes":""},"categories":[467,7541],"tags":[],"class_list":["post-87537","post","type-post","status-publish","format-standard","has-post-thumbnail","","category-siria-y-el-mundo","category-ultimas-noticias"],"_links":{"self":[{"href":"https:\/\/archive.sana.sy\/es\/index.php?rest_route=\/wp\/v2\/posts\/87537"}],"collection":[{"href":"https:\/\/archive.sana.sy\/es\/index.php?rest_route=\/wp\/v2\/posts"}],"about":[{"href":"https:\/\/archive.sana.sy\/es\/index.php?rest_route=\/wp\/v2\/types\/post"}],"author":[{"embeddable":true,"href":"https:\/\/archive.sana.sy\/es\/index.php?rest_route=\/wp\/v2\/users\/1"}],"replies":[{"embeddable":true,"href":"https:\/\/archive.sana.sy\/es\/index.php?rest_route=%2Fwp%2Fv2%2Fcomments&post=87537"}],"version-history":[{"count":0,"href":"https:\/\/archive.sana.sy\/es\/index.php?rest_route=\/wp\/v2\/posts\/87537\/revisions"}],"wp:featuredmedia":[{"embeddable":true,"href":"https:\/\/archive.sana.sy\/es\/index.php?rest_route=\/wp\/v2\/media\/87538"}],"wp:attachment":[{"href":"https:\/\/archive.sana.sy\/es\/index.php?rest_route=%2Fwp%2Fv2%2Fmedia&parent=87537"}],"wp:term":[{"taxonomy":"category","embeddable":true,"href":"https:\/\/archive.sana.sy\/es\/index.php?rest_route=%2Fwp%2Fv2%2Fcategories&post=87537"},{"taxonomy":"post_tag","embeddable":true,"href":"https:\/\/archive.sana.sy\/es\/index.php?rest_route=%2Fwp%2Fv2%2Ftags&post=87537"}],"curies":[{"name":"wp","href":"https:\/\/api.w.org\/{rel}","templated":true}]}}