{"id":87542,"date":"2018-08-16T20:12:24","date_gmt":"2018-08-16T17:12:24","guid":{"rendered":"https:\/\/www.sana.sy\/es\/?p=87542"},"modified":"2018-08-16T21:01:10","modified_gmt":"2018-08-16T18:01:10","slug":"ffaa-dirigen-concentrados-golpes-a-posiciones-de-grupos-terroristas-en-hama-e-idleb","status":"publish","type":"post","link":"https:\/\/archive.sana.sy\/es\/?p=87542","title":{"rendered":"FFAA dirigen concentrados golpes a posiciones de grupos terroristas en Hama, Idleb y Sweida"},"content":{"rendered":"<p>Hama-Idleb-SANA<\/p>\n<p>Unidades del ej\u00e9rcito atacaron posiciones de los grupos terroristas desplegados en las afueras del poblado de Latamina, eliminando a un n\u00famero de ellos mientras otros resultaron heridos. Ha sido destruido adem\u00e1s armas y pertrecho que estaba en posesi\u00f3n de los extremistas.<\/p>\n<p>En el campo sur de la provincia de idleb, el ej\u00e9rcito arras\u00f3 con un fort\u00edn de terroristas del Frente All-Nusra en el poblado de Khwein, matando a los terroristas que se encontraban dentro del mismo.<\/p>\n<p>Entre tanto la artiller\u00eda del ej\u00e9rcito sirio bombarde\u00f3 una concentraci\u00f3n grande de terroristas en las cercan\u00edas del poblado de Saraqeb lo que result\u00f3 en la destrucci\u00f3n de varios veh\u00edculos todoterreno equipados con ametralladoras y la muerte de un n\u00famero indeterminado de terroristas.<\/p>\n<p>Mientras en la provincia de Sweida, las fuerzas armadas libraron fuertes enfrentamientos con grupos terroristas de DAESH en la zona de las colinas de Safa que intentaron romper el cerco impuesto por el ej\u00e9rcito sirio y huir hacia las regiones de la Tumba de Shiek Husien y Um Mazakh.<\/p>\n<p>Los choques terminaron con la muerte de m\u00e1s de 10 terroristas y la destrucci\u00f3n de un veh\u00edculo equipado con ametralladora.<\/p>\n<p>En paralelo, aviones de combate y la artiller\u00eda siria bombardearon posiciones de DAESH en las colinas de Safa, destruyendo varios fortines.<\/p>\n<p>Y.K.<\/p>\n","protected":false},"excerpt":{"rendered":"<p>Hama-Idleb-SANA Unidades del ej\u00e9rcito atacaron posiciones de los grupos terroristas desplegados en las afueras del poblado de Latamina, eliminando a un n\u00famero de ellos mientras otros resultaron heridos. Ha sido destruido adem\u00e1s armas y pertrecho que estaba en posesi\u00f3n de los extremistas. En el campo sur de la provincia de idleb, el ej\u00e9rcito arras\u00f3 con &hellip;<\/p>\n","protected":false},"author":1,"featured_media":87543,"comment_status":"closed","ping_status":"closed","sticky":false,"template":"","format":"standard","meta":{"footnotes":""},"categories":[573,7541],"tags":[],"class_list":["post-87542","post","type-post","status-publish","format-standard","has-post-thumbnail","","category-la-realidad-de-los-acontecimientos-en-siria","category-ultimas-noticias"],"_links":{"self":[{"href":"https:\/\/archive.sana.sy\/es\/index.php?rest_route=\/wp\/v2\/posts\/87542"}],"collection":[{"href":"https:\/\/archive.sana.sy\/es\/index.php?rest_route=\/wp\/v2\/posts"}],"about":[{"href":"https:\/\/archive.sana.sy\/es\/index.php?rest_route=\/wp\/v2\/types\/post"}],"author":[{"embeddable":true,"href":"https:\/\/archive.sana.sy\/es\/index.php?rest_route=\/wp\/v2\/users\/1"}],"replies":[{"embeddable":true,"href":"https:\/\/archive.sana.sy\/es\/index.php?rest_route=%2Fwp%2Fv2%2Fcomments&post=87542"}],"version-history":[{"count":0,"href":"https:\/\/archive.sana.sy\/es\/index.php?rest_route=\/wp\/v2\/posts\/87542\/revisions"}],"wp:featuredmedia":[{"embeddable":true,"href":"https:\/\/archive.sana.sy\/es\/index.php?rest_route=\/wp\/v2\/media\/87543"}],"wp:attachment":[{"href":"https:\/\/archive.sana.sy\/es\/index.php?rest_route=%2Fwp%2Fv2%2Fmedia&parent=87542"}],"wp:term":[{"taxonomy":"category","embeddable":true,"href":"https:\/\/archive.sana.sy\/es\/index.php?rest_route=%2Fwp%2Fv2%2Fcategories&post=87542"},{"taxonomy":"post_tag","embeddable":true,"href":"https:\/\/archive.sana.sy\/es\/index.php?rest_route=%2Fwp%2Fv2%2Ftags&post=87542"}],"curies":[{"name":"wp","href":"https:\/\/api.w.org\/{rel}","templated":true}]}}