{"id":87561,"date":"2018-08-17T15:22:10","date_gmt":"2018-08-17T12:22:10","guid":{"rendered":"https:\/\/www.sana.sy\/es\/?p=87561"},"modified":"2018-08-17T15:22:10","modified_gmt":"2018-08-17T12:22:10","slug":"la-situacion-en-siria-es-una-de-las-cuestiones-planteadas-durante-la-cumbre-ruso-alemana","status":"publish","type":"post","link":"https:\/\/archive.sana.sy\/es\/?p=87561","title":{"rendered":"La situaci\u00f3n en Siria es una de las cuestiones planteadas durante la cumbre ruso-alemana"},"content":{"rendered":"<p><span style=\"color: #800000\">Mosc\u00fa, SANA<\/span>&#8211; La agenda de la cumbre ruso-alemana que se celebrar\u00e1 ma\u00f1ana en Berl\u00edn incluir\u00e1 varios temas, incluida la situaci\u00f3n en Siria, dijo el portavoz del Kremlin, Dmitry Peskov.<\/p>\n<p>La agenda de la cumbre, que reunir\u00e1 al presidente Vladimir Putin con la canciller alemana \u00c1ngela Merkel en Berl\u00edn, discutir\u00e1 las relaciones bilaterales y la implementaci\u00f3n de grandes proyectos ruso-alemanes contra las amenazas que sufren tales proyectos por terceros pa\u00edses, as\u00ed como la situaci\u00f3n en Siria y Ucrania, aclar\u00f3 Peskov en sus declaraciones.<\/p>\n<p>En cuanto al asunto ruso, Piskov hizo hincapi\u00e9 en la estabilidad del sistema financiero y econ\u00f3mico en Rusia, diciendo que &#8220;vemos algunas fluctuaciones, pero me gustar\u00eda mencionar las declaraciones hechas por los jefes del bloque econ\u00f3mico de que el sistema financiero y econ\u00f3mico del pa\u00eds es completamente estable.<\/p>\n<p>Piskov descart\u00f3 que la cumbre discuta la posibilidad de proporcionar apoyo financiero a Turqu\u00eda en el contexto del gran deterioro econ\u00f3mico y el colapso de la lira turca que lleg\u00f3 a niveles peligrosos.<\/p>\n<p>M\/Miri<\/p>\n","protected":false},"excerpt":{"rendered":"<p>Mosc\u00fa, SANA&#8211; La agenda de la cumbre ruso-alemana que se celebrar\u00e1 ma\u00f1ana en Berl\u00edn incluir\u00e1 varios temas, incluida la situaci\u00f3n en Siria, dijo el portavoz del Kremlin, Dmitry Peskov. La agenda de la cumbre, que reunir\u00e1 al presidente Vladimir Putin con la canciller alemana \u00c1ngela Merkel en Berl\u00edn, discutir\u00e1 las relaciones bilaterales y la implementaci\u00f3n &hellip;<\/p>\n","protected":false},"author":1,"featured_media":72984,"comment_status":"closed","ping_status":"closed","sticky":false,"template":"","format":"standard","meta":{"footnotes":""},"categories":[597,467,7541],"tags":[],"class_list":["post-87561","post","type-post","status-publish","format-standard","has-post-thumbnail","","category-cinta-de-noticias","category-siria-y-el-mundo","category-ultimas-noticias"],"_links":{"self":[{"href":"https:\/\/archive.sana.sy\/es\/index.php?rest_route=\/wp\/v2\/posts\/87561"}],"collection":[{"href":"https:\/\/archive.sana.sy\/es\/index.php?rest_route=\/wp\/v2\/posts"}],"about":[{"href":"https:\/\/archive.sana.sy\/es\/index.php?rest_route=\/wp\/v2\/types\/post"}],"author":[{"embeddable":true,"href":"https:\/\/archive.sana.sy\/es\/index.php?rest_route=\/wp\/v2\/users\/1"}],"replies":[{"embeddable":true,"href":"https:\/\/archive.sana.sy\/es\/index.php?rest_route=%2Fwp%2Fv2%2Fcomments&post=87561"}],"version-history":[{"count":0,"href":"https:\/\/archive.sana.sy\/es\/index.php?rest_route=\/wp\/v2\/posts\/87561\/revisions"}],"wp:featuredmedia":[{"embeddable":true,"href":"https:\/\/archive.sana.sy\/es\/index.php?rest_route=\/wp\/v2\/media\/72984"}],"wp:attachment":[{"href":"https:\/\/archive.sana.sy\/es\/index.php?rest_route=%2Fwp%2Fv2%2Fmedia&parent=87561"}],"wp:term":[{"taxonomy":"category","embeddable":true,"href":"https:\/\/archive.sana.sy\/es\/index.php?rest_route=%2Fwp%2Fv2%2Fcategories&post=87561"},{"taxonomy":"post_tag","embeddable":true,"href":"https:\/\/archive.sana.sy\/es\/index.php?rest_route=%2Fwp%2Fv2%2Ftags&post=87561"}],"curies":[{"name":"wp","href":"https:\/\/api.w.org\/{rel}","templated":true}]}}